{"id":9827,"date":"2023-09-02T12:26:49","date_gmt":"2023-09-02T12:26:49","guid":{"rendered":"https:\/\/fmamiga909.com.ar\/?p=9827"},"modified":"2023-09-02T12:28:03","modified_gmt":"2023-09-02T12:28:03","slug":"pronostico-climatico-para-la-primavera-las-lluvias-comenzaran-a-manifestarse-en-argentina-gracias-a-el-nino","status":"publish","type":"post","link":"https:\/\/fmamiga909.com.ar\/?p=9827","title":{"rendered":"Pron\u00f3stico clim\u00e1tico para la primavera: las lluvias comenzar\u00e1n a manifestarse en Argentina gracias a El Ni\u00f1o"},"content":{"rendered":"\n<p><strong>La llegada del mes de septiembre da inicio a la primavera climatol\u00f3gica en Argentina<\/strong>. Luego de tres a\u00f1os complejos para el sector agropecuario debido a la extensa sequ\u00eda, el actual punto de partida se enmarca dentro de un&nbsp;<strong>c<\/strong><strong>ontexto mucho m\u00e1s favorable y esperanzador en materia de lluvias, las cuales se estima comiencen a producirse con mayor frecuencia e intensidad con el correr del pr\u00f3ximo trimestre en las zonas m\u00e1s productivas del pa\u00eds<\/strong>.<\/p>\n\n\n\n<p>Es la primera vez en siete a\u00f1os que predominan sobre el Pac\u00edfico ecuatorial\u00a0<strong><a href=\"https:\/\/www.meteored.com.ar\/noticias\/prediccion\/el-nino-lluvias-argentina-clima-tendencia-pronostico-invierno-primavera-enso-noaa.html\">indicios t\u00edpicos del fen\u00f3meno El Ni\u00f1o<\/a><\/strong>, bien consolidados ya sobre la componente oc\u00e9ano pero con falta de acoplamiento a\u00fan en la atm\u00f3sfera. Si bien\u00a0<strong>el fen\u00f3meno no fue declarado oficialmente<\/strong>, las probabilidades de que se mantengan estas condiciones durante la primavera superan al 90 %, produci\u00e9ndose el ansiado acoplamiento entre el oc\u00e9ano y la atm\u00f3sfera y\u00a0<strong>decantando en el inicio oficial del fen\u00f3meno con el correr de esta nueva estaci\u00f3n<\/strong>.<\/p>\n\n\n\n<p>Distintas proyecciones clim\u00e1ticas para la primavera sobre el pa\u00eds tienden a mostrar una\u00a0<strong>se\u00f1al clara de lluvias por encima de lo normal fundamentalmente sobre el norte del Litoral<\/strong>, algo que se espera luego con el correr de la primavera o inicios del verano se haga extensivo a otros sectores del centro del pa\u00eds.<\/p>\n\n\n\n<p>www.meteored.com.ar <\/p>\n","protected":false},"excerpt":{"rendered":"<p>La llegada del mes de septiembre da inicio a la primavera climatol\u00f3gica en Argentina. Luego&#8230;<\/p>\n","protected":false},"author":3,"featured_media":9828,"comment_status":"closed","ping_status":"closed","sticky":false,"template":"","format":"standard","meta":{"footnotes":""},"categories":[3],"tags":[],"class_list":["post-9827","post","type-post","status-publish","format-standard","has-post-thumbnail","hentry","category-noticias"],"featured_image_urls":{"full":["https:\/\/fmamiga909.com.ar\/wp-content\/uploads\/2023\/09\/smn.jpg",611,407,false],"thumbnail":["https:\/\/fmamiga909.com.ar\/wp-content\/uploads\/2023\/09\/smn-150x150.jpg",150,150,true],"medium":["https:\/\/fmamiga909.com.ar\/wp-content\/uploads\/2023\/09\/smn-300x200.jpg",300,200,true],"medium_large":["https:\/\/fmamiga909.com.ar\/wp-content\/uploads\/2023\/09\/smn.jpg",611,407,false],"large":["https:\/\/fmamiga909.com.ar\/wp-content\/uploads\/2023\/09\/smn.jpg",611,407,false],"1536x1536":["https:\/\/fmamiga909.com.ar\/wp-content\/uploads\/2023\/09\/smn.jpg",611,407,false],"2048x2048":["https:\/\/fmamiga909.com.ar\/wp-content\/uploads\/2023\/09\/smn.jpg",611,407,false],"newsium-slider-full":["https:\/\/fmamiga909.com.ar\/wp-content\/uploads\/2023\/09\/smn.jpg",611,407,false],"newsium-featured":["https:\/\/fmamiga909.com.ar\/wp-content\/uploads\/2023\/09\/smn.jpg",611,407,false],"newsium-medium":["https:\/\/fmamiga909.com.ar\/wp-content\/uploads\/2023\/09\/smn.jpg",611,407,false]},"author_info":{"display_name":"Fredy Giuliano","author_link":"https:\/\/fmamiga909.com.ar\/?author=3"},"category_info":"<a href=\"https:\/\/fmamiga909.com.ar\/?cat=3\" rel=\"category\">Noticias<\/a>","tag_info":"Noticias","comment_count":"0","_links":{"self":[{"href":"https:\/\/fmamiga909.com.ar\/index.php?rest_route=\/wp\/v2\/posts\/9827","targetHints":{"allow":["GET"]}}],"collection":[{"href":"https:\/\/fmamiga909.com.ar\/index.php?rest_route=\/wp\/v2\/posts"}],"about":[{"href":"https:\/\/fmamiga909.com.ar\/index.php?rest_route=\/wp\/v2\/types\/post"}],"author":[{"embeddable":true,"href":"https:\/\/fmamiga909.com.ar\/index.php?rest_route=\/wp\/v2\/users\/3"}],"replies":[{"embeddable":true,"href":"https:\/\/fmamiga909.com.ar\/index.php?rest_route=%2Fwp%2Fv2%2Fcomments&post=9827"}],"version-history":[{"count":1,"href":"https:\/\/fmamiga909.com.ar\/index.php?rest_route=\/wp\/v2\/posts\/9827\/revisions"}],"predecessor-version":[{"id":9829,"href":"https:\/\/fmamiga909.com.ar\/index.php?rest_route=\/wp\/v2\/posts\/9827\/revisions\/9829"}],"wp:featuredmedia":[{"embeddable":true,"href":"https:\/\/fmamiga909.com.ar\/index.php?rest_route=\/wp\/v2\/media\/9828"}],"wp:attachment":[{"href":"https:\/\/fmamiga909.com.ar\/index.php?rest_route=%2Fwp%2Fv2%2Fmedia&parent=9827"}],"wp:term":[{"taxonomy":"category","embeddable":true,"href":"https:\/\/fmamiga909.com.ar\/index.php?rest_route=%2Fwp%2Fv2%2Fcategories&post=9827"},{"taxonomy":"post_tag","embeddable":true,"href":"https:\/\/fmamiga909.com.ar\/index.php?rest_route=%2Fwp%2Fv2%2Ftags&post=9827"}],"curies":[{"name":"wp","href":"https:\/\/api.w.org\/{rel}","templated":true}]}}