{"id":9836,"date":"2023-09-02T18:08:33","date_gmt":"2023-09-02T18:08:33","guid":{"rendered":"https:\/\/fmamiga909.com.ar\/?p=9836"},"modified":"2023-09-02T18:08:33","modified_gmt":"2023-09-02T18:08:33","slug":"colapinto-gano-la-sprint-race-de-la-f3","status":"publish","type":"post","link":"https:\/\/fmamiga909.com.ar\/?p=9836","title":{"rendered":"Colapinto gan\u00f3 la Sprint Race de la F3"},"content":{"rendered":"<div>\n<figure class=\"mb-3\"><img decoding=\"async\" src=\"https:\/\/www.telam.com.ar\/thumbs\/bluesteel\/advf\/imagenes\/2023\/09\/64f34fbad9d44_1200.jpg\" class=\" lazy \" width=\"100%\" height=\"100%\" alt=\"Franco Colapinto Foto Twitter\"\/><figcaption> Franco Colapinto. \/ Foto: Twitter. <\/figcaption><\/figure>\n<p> El argentino Franco Colapinto logr\u00f3 este s\u00e1bado su segunda victoria en la temporada de la F\u00f3rmula 3 Internacional, al imponerse en la <strong>Sprint Race del Gran Premio de Italia, en Monza<\/strong>, por la d\u00e9cima y \u00faltima fecha.<\/p>\n<p>El piloto del equipo Motorsport repiti\u00f3 el resultado que obtuvo el a\u00f1o pasado en el mismo aut\u00f3dromo con el auto Van Amersfoort Racing, esta vez con un <strong>tiempo de 34:06.988 <\/strong>para completar las 18 vueltas.<\/p>\n<p>La de este s\u00e1bado se convirti\u00f3 en el<strong> cuarto \u00e9xito personal en el m\u00edtico trazado italiano<\/strong>, ya que previamente hab\u00eda ganado por la Eurocup F\u00f3rmula Renault en 2019 (FA Racing by Drivex) y 2020 (MP Motorsport).<\/p>\n<blockquote class=\"twitter-tweet\">\n<p lang=\"es\" dir=\"ltr\">\ud83c\udfc1 El argentino Franco Colapinto logr\u00f3 este s\u00e1bado su segunda victoria en la temporada de la F\u00f3rmula 3 Internacional, al imponerse en la Sprint Race del Gran Premio de Italia, en Monza, por la d\u00e9cima y \u00faltima fecha<a href=\"https:\/\/t.co\/7LhocCzI6K\">pic.twitter.com\/7LhocCzI6K<\/a><\/p>\n<p>\u2014 Agencia T\u00e9lam (@AgenciaTelam) <a href=\"https:\/\/twitter.com\/AgenciaTelam\/status\/1697986990237478916?ref_src=twsrc%5Etfw\">September 2, 2023<\/a><\/p><\/blockquote>\n<p> \u00abEste trofeo es para todos ustedes, los que se levantaron tan temprano (en la Argentina), para los que la estuvieron viendo del boliche, para los que me apoyaron durante todo el a\u00f1o. Es un orgullo transmitirles mi felicidad y ver que todos est\u00e1n tan contentos con mis resultados. <strong>Feliz por el equipo y agradecido por el apoyo, vamos por m\u00e1s\u00bb, expres\u00f3 el argentino <\/strong>en un video que subi\u00f3 a las redes sociales.<\/p>\n<p>Colapinto (20 a\u00f1os), ganador este a\u00f1o de la carrera de velocidad en Silverstone, tuvo como escoltas al campe\u00f3n de la temporada, el brasile\u00f1o Gabriele Bortoleto (Tridente) y a uno de sus compa\u00f1ero de escuder\u00eda, el espa\u00f1ol Mari Boya.<\/p>\n<blockquote class=\"twitter-tweet\">\n<p lang=\"en\" dir=\"ltr\">Our penultimate points-scorers of the season!<\/p>\n<p>Full classification and timings \u23f1\ufe0f <a href=\"https:\/\/t.co\/xAX6ElVLJb\">https:\/\/t.co\/xAX6ElVLJb<\/a><a href=\"https:\/\/twitter.com\/hashtag\/ItalianGP?src=hash&amp;ref_src=twsrc%5Etfw\">#ItalianGP<\/a> <a href=\"https:\/\/twitter.com\/hashtag\/F3?src=hash&amp;ref_src=twsrc%5Etfw\">#F3<\/a> <a href=\"https:\/\/t.co\/Gd9aZ5tBqd\">pic.twitter.com\/Gd9aZ5tBqd<\/a><\/p>\n<p>\u2014 Formula 3 (@Formula3) <a href=\"https:\/\/twitter.com\/Formula3\/status\/1697887992592085489?ref_src=twsrc%5Etfw\">September 2, 2023<\/a><\/p><\/blockquote>\n<p> Los diez puntos sumados con su victoria le permitieron quedar como escolta en la clasificaci\u00f3n general con 110, una posici\u00f3n que buscar\u00e1 ratificar este domingo en la carrera principal, programada a 25 vueltas a las 3:15 de la Argentina,<\/p>\n<p>Sus rivales en la lucha por el subcampeonato de la F3 son el estonio Paul Aron (106 puntos), el espa\u00f1ol Josep Mar\u00eda Mart\u00ed (105) y el brit\u00e1nico Zak O&#8217;Sullivan (101).<\/p>\n<blockquote class=\"twitter-tweet\">\n<p lang=\"en\" dir=\"ltr\">The history books will show <a href=\"https:\/\/twitter.com\/FranColapinto?ref_src=twsrc%5Etfw\">@FranColapinto<\/a> won from reverse-grid pole&#8230; but the race was anything but straightforward!<\/p>\n<p>Catch up on a fantastic Sprint Race \ud83d\udcf0<a href=\"https:\/\/twitter.com\/hashtag\/ItalianGP?src=hash&amp;ref_src=twsrc%5Etfw\">#ItalianGP<\/a> <a href=\"https:\/\/twitter.com\/hashtag\/F3?src=hash&amp;ref_src=twsrc%5Etfw\">#F3<\/a> <a href=\"https:\/\/t.co\/Ht2n26hbiR\">https:\/\/t.co\/Ht2n26hbiR<\/a><\/p>\n<p>\u2014 Formula 3 (@Formula3) <a href=\"https:\/\/twitter.com\/Formula3\/status\/1697902881255624909?ref_src=twsrc%5Etfw\">September 2, 2023<\/a><\/p><\/blockquote><\/div>\n<p><script async src=\"\/\/platform.twitter.com\/widgets.js\" charset=\"utf-8\"><\/script><script async defer crossorigin=\"anonymous\" src=\"https:\/\/connect.facebook.net\/es_LA\/sdk.js#xfbml=1&#038;version=v12.0\" nonce=\"SBlHQzIF\"><\/script><br \/><a href=\"https:\/\/www.telam.com.ar\/notas\/202309\/638965-automovilismo-formula-tres-monza-franco-colapinto-motosport.html\">source<\/a><\/p>\n","protected":false},"excerpt":{"rendered":"<p>Franco Colapinto. \/ Foto: Twitter. El argentino Franco Colapinto logr\u00f3 este s\u00e1bado su segunda victoria&#8230;<\/p>\n","protected":false},"author":3,"featured_media":9837,"comment_status":"closed","ping_status":"closed","sticky":false,"template":"","format":"standard","meta":{"footnotes":""},"categories":[21],"tags":[],"class_list":["post-9836","post","type-post","status-publish","format-standard","has-post-thumbnail","hentry","category-deportes"],"featured_image_urls":{"full":["https:\/\/fmamiga909.com.ar\/wp-content\/uploads\/2023\/09\/wp-header-logo-11.png",1200,675,false],"thumbnail":["https:\/\/fmamiga909.com.ar\/wp-content\/uploads\/2023\/09\/wp-header-logo-11-150x150.png",150,150,true],"medium":["https:\/\/fmamiga909.com.ar\/wp-content\/uploads\/2023\/09\/wp-header-logo-11-300x169.png",300,169,true],"medium_large":["https:\/\/fmamiga909.com.ar\/wp-content\/uploads\/2023\/09\/wp-header-logo-11.png",1200,675,false],"large":["https:\/\/fmamiga909.com.ar\/wp-content\/uploads\/2023\/09\/wp-header-logo-11-1024x576.png",640,360,true],"1536x1536":["https:\/\/fmamiga909.com.ar\/wp-content\/uploads\/2023\/09\/wp-header-logo-11.png",1200,675,false],"2048x2048":["https:\/\/fmamiga909.com.ar\/wp-content\/uploads\/2023\/09\/wp-header-logo-11.png",1200,675,false],"newsium-slider-full":["https:\/\/fmamiga909.com.ar\/wp-content\/uploads\/2023\/09\/wp-header-logo-11.png",1200,675,false],"newsium-featured":["https:\/\/fmamiga909.com.ar\/wp-content\/uploads\/2023\/09\/wp-header-logo-11-1024x576.png",1024,576,true],"newsium-medium":["https:\/\/fmamiga909.com.ar\/wp-content\/uploads\/2023\/09\/wp-header-logo-11-720x475.png",720,475,true]},"author_info":{"display_name":"Fredy Giuliano","author_link":"https:\/\/fmamiga909.com.ar\/?author=3"},"category_info":"<a href=\"https:\/\/fmamiga909.com.ar\/?cat=21\" rel=\"category\">Deportes<\/a>","tag_info":"Deportes","comment_count":"0","_links":{"self":[{"href":"https:\/\/fmamiga909.com.ar\/index.php?rest_route=\/wp\/v2\/posts\/9836","targetHints":{"allow":["GET"]}}],"collection":[{"href":"https:\/\/fmamiga909.com.ar\/index.php?rest_route=\/wp\/v2\/posts"}],"about":[{"href":"https:\/\/fmamiga909.com.ar\/index.php?rest_route=\/wp\/v2\/types\/post"}],"author":[{"embeddable":true,"href":"https:\/\/fmamiga909.com.ar\/index.php?rest_route=\/wp\/v2\/users\/3"}],"replies":[{"embeddable":true,"href":"https:\/\/fmamiga909.com.ar\/index.php?rest_route=%2Fwp%2Fv2%2Fcomments&post=9836"}],"version-history":[{"count":0,"href":"https:\/\/fmamiga909.com.ar\/index.php?rest_route=\/wp\/v2\/posts\/9836\/revisions"}],"wp:featuredmedia":[{"embeddable":true,"href":"https:\/\/fmamiga909.com.ar\/index.php?rest_route=\/wp\/v2\/media\/9837"}],"wp:attachment":[{"href":"https:\/\/fmamiga909.com.ar\/index.php?rest_route=%2Fwp%2Fv2%2Fmedia&parent=9836"}],"wp:term":[{"taxonomy":"category","embeddable":true,"href":"https:\/\/fmamiga909.com.ar\/index.php?rest_route=%2Fwp%2Fv2%2Fcategories&post=9836"},{"taxonomy":"post_tag","embeddable":true,"href":"https:\/\/fmamiga909.com.ar\/index.php?rest_route=%2Fwp%2Fv2%2Ftags&post=9836"}],"curies":[{"name":"wp","href":"https:\/\/api.w.org\/{rel}","templated":true}]}}