{"id":9838,"date":"2023-09-02T20:09:30","date_gmt":"2023-09-02T20:09:30","guid":{"rendered":"https:\/\/fmamiga909.com.ar\/?p=9838"},"modified":"2023-09-02T20:09:30","modified_gmt":"2023-09-02T20:09:30","slug":"ralph-gracie-la-leyenda-viviente-del-jiu-jitsu-dio-catedra-en-la-argentina","status":"publish","type":"post","link":"https:\/\/fmamiga909.com.ar\/?p=9838","title":{"rendered":"Ralph Gracie, la leyenda viviente del jiu-jitsu, dio c\u00e1tedra en la Argentina"},"content":{"rendered":"<div>\n<figure class=\"mb-3\"><img decoding=\"async\" src=\"https:\/\/www.telam.com.ar\/thumbs\/bluesteel\/advf\/imagenes\/2023\/08\/64f116ab13fa2_1200.jpg\" class=\" lazy \" width=\"100%\" height=\"100%\" alt=\"El excampen mundial en accin Foto ralphgraciecom\"\/><figcaption> El excampe\u00f3n mundial en acci\u00f3n. (Foto: ralphgracie.com) <\/figcaption><\/figure>\n<p>Podr\u00eda decirse que el apellido <strong>Gracie y el jiu-jitsu brasile\u00f1o son sin\u00f3nimos<\/strong>. No se puede pensar uno sin el otro. Esto es as\u00ed desde hace casi un siglo, cuando <strong>Carlos Gracie<\/strong> cre\u00f3 la primera academia de este arte marcial muy utilizado en la defensa personal, en la ciudad de Belem (estado de Par\u00e1) en 1925, dando origen a la m\u00edtica familia Gracie.<\/p>\n<p><figure class=\"left mb-3\"><img decoding=\"async\" src=\"https:\/\/www.telam.com.ar\/thumbs\/bluesteel\/advf\/imagenes\/2023\/08\/64f116aa941a2.41.40-%281%29_450.jpg\" class=\" lazy \" width=\"100%\" height=\"100%\" alt=\"El Pitbull durante uno de los tres seminarios que brind en la Argentina Foto Prensa\"\/><figcaption> \u00abEl Pitbull\u00bb durante uno de los tres seminarios que brind\u00f3 en la Argentina. (Foto Prensa). <\/figcaption><\/figure>\n<p>Esta semana visit\u00f3 por primera vez nuestro pa\u00eds <strong>Ralph<\/strong>, tercera generaci\u00f3n de los Gracie, toda una leyenda viviente del jiu jitsu brasile\u00f1o (BJJ), quien lleg\u00f3 para brindar seminarios en Mar del Plata, Rosario y Comodoro Rivadavia.<\/p>\n<p>A los 53 a\u00f1os, <strong>Ralph (nieto del iniciador del BJJ<\/strong>, ex campe\u00f3n mundial de la especialidad en la categor\u00eda de peso medio, hoy convertido en instructor de este deporte), afirm\u00f3 a T\u00e9lam que \u201c<strong>el jiu-jitsu, es un estilo de vida<\/strong>. Me prepara para poder enfrentar cualquier situaci\u00f3n adversa que se presente. Cualquier persona puede practicarlo\u201d.<\/p>\n<p>Maximiliano Nelbone, Pablo Brunet y Eduardo Vieyra (representantes de las Academias Gracie en la Argentina), cuentan que \u201cen los \u00faltimos diez a\u00f1os, <strong>este deporte tuvo un crecimiento exponencial<\/strong>, en Estados Unidos es el arte marcial m\u00e1s practicado; uno de sus seguidores m\u00e1s famosos es el megamillonario inform\u00e1tico <strong>Mark Zuckerberg<\/strong>.<\/p>\n<p>Esta visita de Ralph marca un crecimiento del jiu-jitsu en Argentina. \u00c9l es parte de la historia viva del deporte y a trav\u00e9s de la academia, nos permite seguir aprendiendo y aprovechar los beneficios para la salud y la mente\u201d.<\/p>\n<p>Ralph destaca constantemente que son una \u201cfamilia\u201d, y la gente que estuvo a su alrededor <strong>tanto en Mar del Plata como en Comodoro Rivadavia y Rosario<\/strong>, confirmaron que son una comunidad, a la vez que destacaron su generosidad. Aunque en el mundo del BJJ se conozca a Ralph como \u00abEl Pitbull\u00bb.<\/p>\n<p><figure class=\"mb-3\"><img decoding=\"async\" src=\"https:\/\/www.telam.com.ar\/thumbs\/bluesteel\/advf\/imagenes\/2023\/08\/64f116aae52fb_1200.jpg\" class=\" lazy \" width=\"100%\" height=\"100%\" alt=\"Ralph Gracie cuenta que el BJJ es el arte marcial ms popular en los Estados Unidos Foto ralphgraciecom\"\/><figcaption> Ralph Gracie cuenta que el BJJ es el arte marcial m\u00e1s popular en los Estados Unidos. (Foto: ralphgracie.com) <\/figcaption><\/figure>\n<p><\/p>\n<div class=\"jumbotron pt-4 mt-3\">\n<h3 class=\"module-title\">Qu\u00e9 es el BJJ<\/h3>\n<p>El\u00a0jiu-jitsu brasile\u00f1o\u00a0(BJJ) es un\u00a0arte marcial,\u00a0deporte de combate\u00a0y sistema de\u00a0defensa personal\u00a0que se gest\u00f3 tras la llegada a Brasil -a comienzos del siglo XX- del <strong>sensei japon\u00e9s\u00a0Mitsuyo Maeda<\/strong>, quien fuera disc\u00edpulo de\u00a0Jigor\u014d Kan\u014d, el padre del judo.<\/p>\n<p>Maeda transmiti\u00f3 sus conocimientos a <strong>los hermanos Carlos y Helio Gracie<\/strong>; entre otros tantos consejos, el maestro les dec\u00eda: \u201cSiempre se debe llevar la lucha al terreno m\u00e1s favorable para uno mismo\u00bb.<\/p>\n<p>El BJJ <strong>se basa en la\u00a0lucha\u00a0cuerpo a cuerpo en el suelo<\/strong> y el principal objetivo es someter al rival mediante una\u00a0luxaci\u00f3n\u00a0o estrangulaci\u00f3n <strong>sin usar golpes.<\/strong><\/p>\n<p>El patriarca Carlos Gracie no se content\u00f3 con la autodefensa sino que al BJJ le sum\u00f3 una manera de formarse y convertirse en un hombre m\u00e1s tolerante, respetuoso y seguro.\u00a0A esa filosof\u00eda de vida, la Familia Gracie le incorpor\u00f3 el concepto de nutrici\u00f3n natural &#8211;<strong>la Dieta Gracie<\/strong>&#8211; que evidentemente dio resultado ya que Carlos (falleci\u00f3 a los 91 a\u00f1os) y Helio (a los 95) se mostraron vitales hasta sus \u00faltimos d\u00edas.<\/p>\n<\/p><\/div>\n<p><\/p>\n<figure class=\"mb-3\"><img decoding=\"async\" src=\"https:\/\/www.telam.com.ar\/thumbs\/bluesteel\/advf\/imagenes\/2023\/08\/64f116aacb4d5.51.29_1200.jpg\" class=\" lazy \" width=\"100%\" height=\"100%\" alt=\"Las entradas para los seminarios que brind Ralph Gracie en la Argentina se agotaron en horas Foto Prensa\"\/><figcaption> Las entradas para los seminarios que brind\u00f3 Ralph Gracie en la Argentina se agotaron en horas. (Foto Prensa) <\/figcaption><\/figure>\n<p><\/p>\n<div class=\"jumbotron pt-4 mt-3\">\n<h3 class=\"module-title\">Los 13 fundamentos de la Dieta Gracie<\/h3>\n<p><strong>1. <\/strong>Nada de alcohol.<br \/><strong>2.<\/strong> Separar las comidas entre s\u00ed en periodos de 5 horas y no comer entre ellas.<br \/><strong>3. <\/strong>No consumir postres ni dulces, si tienes m\u00e1s hambre comes m\u00e1s comida.<br \/><strong>4. <\/strong>Huir de la comida elaborada.<br \/><strong>5. <\/strong>Toma agua, no consumas gaseosas.<br \/><strong>6.<\/strong> No consumir drogas.<br \/><strong>7. <\/strong>No comer carne de cerdo ni embutidos.<br \/><strong>8. <\/strong>No mezclar hidratos de carbono en una misma comida.<br \/><strong>9. <\/strong>No mezclar los alimentos \u00e1cidos.<br \/><strong>10.<\/strong> Consumir mucha fruta fresca.<br \/><strong>11. <\/strong>Solo beber agua entre las comidas.<br \/><strong>12. <\/strong>Usar quesos frescos.<br \/><strong>13. <\/strong>Levantarse de la mesa antes de quedar totalmente lleno.<\/p>\n<\/p><\/div>\n<p><\/div>\n<p><script async defer crossorigin=\"anonymous\" src=\"https:\/\/connect.facebook.net\/es_LA\/sdk.js#xfbml=1&#038;version=v12.0\" nonce=\"SBlHQzIF\"><\/script><br \/><a href=\"https:\/\/www.telam.com.ar\/notas\/202309\/638832-ralph-gracie-bjj-arte-marcial-jiu-jitsu.html\">source<\/a><\/p>\n","protected":false},"excerpt":{"rendered":"<p>El excampe\u00f3n mundial en acci\u00f3n. (Foto: ralphgracie.com) Podr\u00eda decirse que el apellido Gracie y el&#8230;<\/p>\n","protected":false},"author":3,"featured_media":9839,"comment_status":"closed","ping_status":"closed","sticky":false,"template":"","format":"standard","meta":{"footnotes":""},"categories":[21],"tags":[],"class_list":["post-9838","post","type-post","status-publish","format-standard","has-post-thumbnail","hentry","category-deportes"],"featured_image_urls":{"full":["https:\/\/fmamiga909.com.ar\/wp-content\/uploads\/2023\/09\/wp-header-logo-12.png",1200,1126,false],"thumbnail":["https:\/\/fmamiga909.com.ar\/wp-content\/uploads\/2023\/09\/wp-header-logo-12-150x150.png",150,150,true],"medium":["https:\/\/fmamiga909.com.ar\/wp-content\/uploads\/2023\/09\/wp-header-logo-12-300x282.png",300,282,true],"medium_large":["https:\/\/fmamiga909.com.ar\/wp-content\/uploads\/2023\/09\/wp-header-logo-12.png",1200,1126,false],"large":["https:\/\/fmamiga909.com.ar\/wp-content\/uploads\/2023\/09\/wp-header-logo-12-1024x961.png",640,601,true],"1536x1536":["https:\/\/fmamiga909.com.ar\/wp-content\/uploads\/2023\/09\/wp-header-logo-12.png",1200,1126,false],"2048x2048":["https:\/\/fmamiga909.com.ar\/wp-content\/uploads\/2023\/09\/wp-header-logo-12.png",1200,1126,false],"newsium-slider-full":["https:\/\/fmamiga909.com.ar\/wp-content\/uploads\/2023\/09\/wp-header-logo-12-1200x845.png",1200,845,true],"newsium-featured":["https:\/\/fmamiga909.com.ar\/wp-content\/uploads\/2023\/09\/wp-header-logo-12-1024x961.png",1024,961,true],"newsium-medium":["https:\/\/fmamiga909.com.ar\/wp-content\/uploads\/2023\/09\/wp-header-logo-12-720x475.png",720,475,true]},"author_info":{"display_name":"Fredy Giuliano","author_link":"https:\/\/fmamiga909.com.ar\/?author=3"},"category_info":"<a href=\"https:\/\/fmamiga909.com.ar\/?cat=21\" rel=\"category\">Deportes<\/a>","tag_info":"Deportes","comment_count":"0","_links":{"self":[{"href":"https:\/\/fmamiga909.com.ar\/index.php?rest_route=\/wp\/v2\/posts\/9838","targetHints":{"allow":["GET"]}}],"collection":[{"href":"https:\/\/fmamiga909.com.ar\/index.php?rest_route=\/wp\/v2\/posts"}],"about":[{"href":"https:\/\/fmamiga909.com.ar\/index.php?rest_route=\/wp\/v2\/types\/post"}],"author":[{"embeddable":true,"href":"https:\/\/fmamiga909.com.ar\/index.php?rest_route=\/wp\/v2\/users\/3"}],"replies":[{"embeddable":true,"href":"https:\/\/fmamiga909.com.ar\/index.php?rest_route=%2Fwp%2Fv2%2Fcomments&post=9838"}],"version-history":[{"count":0,"href":"https:\/\/fmamiga909.com.ar\/index.php?rest_route=\/wp\/v2\/posts\/9838\/revisions"}],"wp:featuredmedia":[{"embeddable":true,"href":"https:\/\/fmamiga909.com.ar\/index.php?rest_route=\/wp\/v2\/media\/9839"}],"wp:attachment":[{"href":"https:\/\/fmamiga909.com.ar\/index.php?rest_route=%2Fwp%2Fv2%2Fmedia&parent=9838"}],"wp:term":[{"taxonomy":"category","embeddable":true,"href":"https:\/\/fmamiga909.com.ar\/index.php?rest_route=%2Fwp%2Fv2%2Fcategories&post=9838"},{"taxonomy":"post_tag","embeddable":true,"href":"https:\/\/fmamiga909.com.ar\/index.php?rest_route=%2Fwp%2Fv2%2Ftags&post=9838"}],"curies":[{"name":"wp","href":"https:\/\/api.w.org\/{rel}","templated":true}]}}