{"id":9893,"date":"2023-09-05T02:48:12","date_gmt":"2023-09-05T02:48:12","guid":{"rendered":"https:\/\/fmamiga909.com.ar\/?p=9893"},"modified":"2023-09-05T02:48:12","modified_gmt":"2023-09-05T02:48:12","slug":"el-seleccionado-de-ecuador-ya-se-entrena-en-buenos-aires","status":"publish","type":"post","link":"https:\/\/fmamiga909.com.ar\/?p=9893","title":{"rendered":"El seleccionado de Ecuador ya se entrena en Buenos Aires"},"content":{"rendered":"<div>\n<figure class=\"mb-3\"><img decoding=\"async\" src=\"https:\/\/www.telam.com.ar\/thumbs\/bluesteel\/advf\/imagenes\/2023\/09\/64f5de0f104b2_1200.jpg\" class=\" lazy \" width=\"100%\" height=\"100%\" alt=\"Foto LaTri \"\/><figcaption> Foto @LaTri. <\/figcaption><\/figure>\n<p> El seleccionado ecuatoriano, rival de la Argentina en el debut en las Eliminatorias Sudamericanas para el Mundial 2026, ya est\u00e1 concentrado en Buenos Aires a la espera del partido del pr\u00f3ximo jueves en el estadio Monumental.<\/p>\n<p>El equipo dirigido por el espa\u00f1ol F\u00e9lix S\u00e1nchez Bas realiz\u00f3 el domingo su primer entrenamiento en la Ciudad Deportiva de San Lorenzo con un plantel reducido.<\/p>\n<p>Durante la pr\u00e1ctica, la \u00abTri\u00bb recibi\u00f3 la visita del entrenador del \u00abCicl\u00f3n\u00bb, Rub\u00e9n Dar\u00edo Ins\u00faa, quien tuvo un exitoso paso como jugador y entrenador en el Barcelona de Guayaquil.<\/p>\n<p>S\u00e1nchez Bas, exentrenador de Qatar, cont\u00f3 con apenas 9 futbolistas y durante la jornada de este lunes llegar\u00e1n el resto de los 14 convocados.<\/p>\n<blockquote class=\"twitter-tweet\">\n<p lang=\"es\" dir=\"ltr\">\ud83d\udccdActivaci\u00f3n en Argentina.<\/p>\n<p>Ya concentrados en la Ciudad de <a href=\"https:\/\/twitter.com\/hashtag\/BuenosAires?src=hash&amp;ref_src=twsrc%5Etfw\">#BuenosAires<\/a>. <a href=\"https:\/\/t.co\/7uaZCkrJ7y\">pic.twitter.com\/7uaZCkrJ7y<\/a><\/p>\n<p>\u2014 La Tri \ud83c\uddea\ud83c\udde8 (@LaTri) <a href=\"https:\/\/twitter.com\/LaTri\/status\/1698682326824186195?ref_src=twsrc%5Etfw\">September 4, 2023<\/a><\/p><\/blockquote>\n<p>La lista completa de Ecuador para la primera doble fecha de las Eliminatorias es la siguiente:<\/p>\n<p><strong>Arqueros: <\/strong>Alexander Dom\u00ednguez (Liga de Quito), Hern\u00e1n Gal\u00edndez (Aucas) y Mois\u00e9s Ram\u00edrez (Independiente del Valle).<\/p>\n<p><strong>Defensores: <\/strong>F\u00e9lix Torres (Santos Laguna, M\u00e9xico), Jos\u00e9 Hurtado (Red Bull Bragantino, Brasil), Robert Arboleda (San Pablo, Brasil), William Pacho (Eintracht Frankfurt, Alemania), Pervis Estupi\u00f1\u00e1n (Brighton, Inglaterra), Jhoanner Ch\u00e1vez (Independiente del Valle), \u00c1ngelo Preciado (Genk, B\u00e9lgica), Joel Ord\u00f3\u00f1ez (Brujas, B\u00e9lgica) y Leonardo Realpe (Red Bull Bragantino, Brasil).<\/p>\n<p><strong>Mediocampistas:<\/strong> Jos\u00e9 Cifuentes (Rangers, Escocia), Kendry P\u00e1ez, Jordy Alc\u00edvar y Joao Ortiz (Independiente del Valle), Carlos Gruezo (San Jos\u00e9 Earthquakes, Estdos Unidos), Gonzalo Plata (Al Sadd, Qatar), \u00c1ngel Mena (Le\u00f3n, M\u00e9xico) y Mois\u00e9s Caicedo (Chelsea, Inglaterra).<\/p>\n<p><strong>Delanteros:<\/strong> Kevin Rodr\u00edguez (Union Saint Gilloise, B\u00e9lgica), Jhojan Julio (Liga de Quito) y Enner Valencia (Inter, Brasil).<\/p>\n<p>Despu\u00e9s de enfrentar a la Argentina, Ecuador recibir\u00e1 a Uruguay, el martes 12 en Quito. <\/p>\n<\/div>\n<p><script async src=\"\/\/platform.twitter.com\/widgets.js\" charset=\"utf-8\"><\/script><script async defer crossorigin=\"anonymous\" src=\"https:\/\/connect.facebook.net\/es_LA\/sdk.js#xfbml=1&#038;version=v12.0\" nonce=\"SBlHQzIF\"><\/script><br \/><a href=\"https:\/\/www.telam.com.ar\/notas\/202309\/639102-futbol-eliminatorias-sudamericanas-ecuador-entrena-buenos-aires.html\">source<\/a><\/p>\n","protected":false},"excerpt":{"rendered":"<p>Foto @LaTri. El seleccionado ecuatoriano, rival de la Argentina en el debut en las Eliminatorias&#8230;<\/p>\n","protected":false},"author":3,"featured_media":9894,"comment_status":"closed","ping_status":"closed","sticky":false,"template":"","format":"standard","meta":{"footnotes":""},"categories":[21],"tags":[],"class_list":["post-9893","post","type-post","status-publish","format-standard","has-post-thumbnail","hentry","category-deportes"],"featured_image_urls":{"full":["https:\/\/fmamiga909.com.ar\/wp-content\/uploads\/2023\/09\/wp-header-logo-32.png",1200,675,false],"thumbnail":["https:\/\/fmamiga909.com.ar\/wp-content\/uploads\/2023\/09\/wp-header-logo-32-150x150.png",150,150,true],"medium":["https:\/\/fmamiga909.com.ar\/wp-content\/uploads\/2023\/09\/wp-header-logo-32-300x169.png",300,169,true],"medium_large":["https:\/\/fmamiga909.com.ar\/wp-content\/uploads\/2023\/09\/wp-header-logo-32.png",1200,675,false],"large":["https:\/\/fmamiga909.com.ar\/wp-content\/uploads\/2023\/09\/wp-header-logo-32-1024x576.png",640,360,true],"1536x1536":["https:\/\/fmamiga909.com.ar\/wp-content\/uploads\/2023\/09\/wp-header-logo-32.png",1200,675,false],"2048x2048":["https:\/\/fmamiga909.com.ar\/wp-content\/uploads\/2023\/09\/wp-header-logo-32.png",1200,675,false],"newsium-slider-full":["https:\/\/fmamiga909.com.ar\/wp-content\/uploads\/2023\/09\/wp-header-logo-32.png",1200,675,false],"newsium-featured":["https:\/\/fmamiga909.com.ar\/wp-content\/uploads\/2023\/09\/wp-header-logo-32-1024x576.png",1024,576,true],"newsium-medium":["https:\/\/fmamiga909.com.ar\/wp-content\/uploads\/2023\/09\/wp-header-logo-32-720x475.png",720,475,true]},"author_info":{"display_name":"Fredy Giuliano","author_link":"https:\/\/fmamiga909.com.ar\/?author=3"},"category_info":"<a href=\"https:\/\/fmamiga909.com.ar\/?cat=21\" rel=\"category\">Deportes<\/a>","tag_info":"Deportes","comment_count":"0","_links":{"self":[{"href":"https:\/\/fmamiga909.com.ar\/index.php?rest_route=\/wp\/v2\/posts\/9893","targetHints":{"allow":["GET"]}}],"collection":[{"href":"https:\/\/fmamiga909.com.ar\/index.php?rest_route=\/wp\/v2\/posts"}],"about":[{"href":"https:\/\/fmamiga909.com.ar\/index.php?rest_route=\/wp\/v2\/types\/post"}],"author":[{"embeddable":true,"href":"https:\/\/fmamiga909.com.ar\/index.php?rest_route=\/wp\/v2\/users\/3"}],"replies":[{"embeddable":true,"href":"https:\/\/fmamiga909.com.ar\/index.php?rest_route=%2Fwp%2Fv2%2Fcomments&post=9893"}],"version-history":[{"count":0,"href":"https:\/\/fmamiga909.com.ar\/index.php?rest_route=\/wp\/v2\/posts\/9893\/revisions"}],"wp:featuredmedia":[{"embeddable":true,"href":"https:\/\/fmamiga909.com.ar\/index.php?rest_route=\/wp\/v2\/media\/9894"}],"wp:attachment":[{"href":"https:\/\/fmamiga909.com.ar\/index.php?rest_route=%2Fwp%2Fv2%2Fmedia&parent=9893"}],"wp:term":[{"taxonomy":"category","embeddable":true,"href":"https:\/\/fmamiga909.com.ar\/index.php?rest_route=%2Fwp%2Fv2%2Fcategories&post=9893"},{"taxonomy":"post_tag","embeddable":true,"href":"https:\/\/fmamiga909.com.ar\/index.php?rest_route=%2Fwp%2Fv2%2Ftags&post=9893"}],"curies":[{"name":"wp","href":"https:\/\/api.w.org\/{rel}","templated":true}]}}