{"id":9899,"date":"2023-09-05T10:55:30","date_gmt":"2023-09-05T10:55:30","guid":{"rendered":"https:\/\/fmamiga909.com.ar\/?p=9899"},"modified":"2023-09-05T10:55:30","modified_gmt":"2023-09-05T10:55:30","slug":"marcelo-bielsa-confirmo-la-lista-de-uruguay-sin-luis-suarez-ni-edinson-cavani","status":"publish","type":"post","link":"https:\/\/fmamiga909.com.ar\/?p=9899","title":{"rendered":"Marcelo Bielsa confirm\u00f3 la lista de Uruguay sin Luis Su\u00e1rez ni Edinson Cavani"},"content":{"rendered":"<div>\n<figure class=\"mb-3\"><img decoding=\"async\" src=\"https:\/\/www.telam.com.ar\/thumbs\/bluesteel\/advf\/imagenes\/2023\/05\/6464fbfe1816d_1200.jpg\" class=\" lazy \" width=\"100%\" height=\"100%\" alt=\"Marcelo Bielsa Uruguay \"\/><figcaption> Marcelo Bielsa (@Uruguay). <\/figcaption><\/figure>\n<p> El argentino Marcelo Bielsa, entrenador del seleccionado uruguayo, confirm\u00f3 hoy la lista de 25 convocados con las previstas ausencias de los experimentados Luis Su\u00e1rez y Edinson Cavani.<\/p>\n<p>Con el mediocampista Nicol\u00e1s De La Cruz, de River Plate, como el \u00fanico representante de la Liga Profesional de Argentina, l<strong>a sorpresa es la vuelta del exvolante de Boca Juniors, Nahitan N\u00e1ndez.<\/strong><\/p>\n<p>El actual jugador de Cagliari, de Italia, <strong>vuelve as\u00ed a la \u00abceleste\u00bb luego de haber sido denunciado por violencia de g\u00e9nero a fines de 2021.<\/strong><\/p>\n<p>N\u00e1ndez resolvi\u00f3 su situaci\u00f3n judicial mediante un acuerdo econ\u00f3mico y podr\u00e1 volver a Uruguay y por lo tanto ser tenido en cuenta para el seleccionado \u00abcharr\u00faa\u00bb.<\/p>\n<p>Tal como se preve\u00eda por sus declaraciones en la conferencia de prensa del s\u00e1bado, <strong>el \u00abLoco\u00bb Bielsa no convoc\u00f3 a los goleadores hist\u00f3ricos: Luis Su\u00e1rez y Edinson Cavani, actualmente en Gremio de Brasil y Boca Juniors, respectivamente.<\/strong><\/p>\n<p>Para el ataque, Bielsa se decidi\u00f3 por Darwin N\u00fa\u00f1ez, figura de Liverpool de Inglaterra, m\u00e1s Maximiliano G\u00f3mez, Brian Rodr\u00edguez, Facundo Torres, Facundo Pellistri y Cristian Olivera.<\/p>\n<blockquote class=\"twitter-tweet\">\n<p lang=\"es\" dir=\"ltr\">\ud83d\udccb \ud835\uddd6\ud835\udde2\ud835\udde1\ud835\udde9\ud835\udde2\ud835\uddd6\ud835\uddd4\ud835\uddd7\ud835\udde2\ud835\udde6<\/p>\n<p>Lista de jugadores citados por Marcelo Bielsa para las dos primeras fechas de las Eliminatorias rumbo a la Copa Mundial de la FIFA 26\u2122<a href=\"https:\/\/twitter.com\/hashtag\/ElEquipoQueNosUne?src=hash&amp;ref_src=twsrc%5Etfw\">#ElEquipoQueNosUne<\/a> <a href=\"https:\/\/t.co\/vFDeaJTeQ4\">pic.twitter.com\/vFDeaJTeQ4<\/a><\/p>\n<p>\u2014 Selecci\u00f3n Uruguaya (@Uruguay) <a href=\"https:\/\/twitter.com\/Uruguay\/status\/1698703212155453733?ref_src=twsrc%5Etfw\">September 4, 2023<\/a><\/p><\/blockquote>\n<p>La lista completa del DT Bielsa para enfrentar a Chile, el viernes pr\u00f3ximo en Montevideo, y contra Ecuador, el martes 12 en Quito, es la siguiente:<\/p>\n<p>&#8211;Arqueros: Sergio Rochet (Inter de Porto Alegre), Franco Israel (Sporting de Portugal), Santiago Mele (Junior, Colombia).<\/p>\n<p>&#8211;Defensores: Jos\u00e9 Luis Rodr\u00edguez (Vasco da Gama), Santiago Bueno (Wolverhampton), Nahitan N\u00e1ndez (Cagliari), Bruno M\u00e9ndez (Corinthians), Sebasti\u00e1n C\u00e1ceres (Am\u00e9rica, M\u00e9xico), Mat\u00edas Vi\u00f1a (Sassuolo) y Lucas Olaza (Krasnodar, Rusia).<\/p>\n<p>&#8211;Mediocampistas: Math\u00edas Olivera (Napoli), Joaqu\u00edn Piquerez (Palmeiras), Emiliano Mart\u00ednez (Midtjylland, Dinamarca), Felipe Carballo (Gremio), Federico Valverde (Real Madrid), Manuel Ugarte (PSG), Maximiliano Araujo (Toluca) y Nicol\u00e1s De la Cruz (River Plate).<\/p>\n<p>&#8211;Delanteros: Cristian Olivera (Los \u00c1ngeles FC), Facundo Torres (Orlando City), Brian Rodr\u00edguez (Am\u00e9rica, M\u00e9xico), Agust\u00edn Canobbio (Athletico Paranaense), Facundo Pellistri (Manchester United), Maximiliano G\u00f3mez (C\u00e1diz) y Darwin N\u00fa\u00f1ez (Liverpool). <\/p>\n<\/div>\n<p><script async src=\"\/\/platform.twitter.com\/widgets.js\" charset=\"utf-8\"><\/script><script async defer crossorigin=\"anonymous\" src=\"https:\/\/connect.facebook.net\/es_LA\/sdk.js#xfbml=1&#038;version=v12.0\" nonce=\"SBlHQzIF\"><\/script><br \/><a href=\"https:\/\/www.telam.com.ar\/notas\/202309\/639133-futbol-bielsa-convocatoria-uruguay-sin-suarez-cavani.html\">source<\/a><\/p>\n","protected":false},"excerpt":{"rendered":"<p>Marcelo Bielsa (@Uruguay). El argentino Marcelo Bielsa, entrenador del seleccionado uruguayo, confirm\u00f3 hoy la lista&#8230;<\/p>\n","protected":false},"author":3,"featured_media":9900,"comment_status":"closed","ping_status":"closed","sticky":false,"template":"","format":"standard","meta":{"footnotes":""},"categories":[21],"tags":[],"class_list":["post-9899","post","type-post","status-publish","format-standard","has-post-thumbnail","hentry","category-deportes"],"featured_image_urls":{"full":["https:\/\/fmamiga909.com.ar\/wp-content\/uploads\/2023\/09\/wp-header-logo-35.png",1200,675,false],"thumbnail":["https:\/\/fmamiga909.com.ar\/wp-content\/uploads\/2023\/09\/wp-header-logo-35-150x150.png",150,150,true],"medium":["https:\/\/fmamiga909.com.ar\/wp-content\/uploads\/2023\/09\/wp-header-logo-35-300x169.png",300,169,true],"medium_large":["https:\/\/fmamiga909.com.ar\/wp-content\/uploads\/2023\/09\/wp-header-logo-35.png",1200,675,false],"large":["https:\/\/fmamiga909.com.ar\/wp-content\/uploads\/2023\/09\/wp-header-logo-35-1024x576.png",640,360,true],"1536x1536":["https:\/\/fmamiga909.com.ar\/wp-content\/uploads\/2023\/09\/wp-header-logo-35.png",1200,675,false],"2048x2048":["https:\/\/fmamiga909.com.ar\/wp-content\/uploads\/2023\/09\/wp-header-logo-35.png",1200,675,false],"newsium-slider-full":["https:\/\/fmamiga909.com.ar\/wp-content\/uploads\/2023\/09\/wp-header-logo-35.png",1200,675,false],"newsium-featured":["https:\/\/fmamiga909.com.ar\/wp-content\/uploads\/2023\/09\/wp-header-logo-35-1024x576.png",1024,576,true],"newsium-medium":["https:\/\/fmamiga909.com.ar\/wp-content\/uploads\/2023\/09\/wp-header-logo-35-720x475.png",720,475,true]},"author_info":{"display_name":"Fredy Giuliano","author_link":"https:\/\/fmamiga909.com.ar\/?author=3"},"category_info":"<a href=\"https:\/\/fmamiga909.com.ar\/?cat=21\" rel=\"category\">Deportes<\/a>","tag_info":"Deportes","comment_count":"0","_links":{"self":[{"href":"https:\/\/fmamiga909.com.ar\/index.php?rest_route=\/wp\/v2\/posts\/9899","targetHints":{"allow":["GET"]}}],"collection":[{"href":"https:\/\/fmamiga909.com.ar\/index.php?rest_route=\/wp\/v2\/posts"}],"about":[{"href":"https:\/\/fmamiga909.com.ar\/index.php?rest_route=\/wp\/v2\/types\/post"}],"author":[{"embeddable":true,"href":"https:\/\/fmamiga909.com.ar\/index.php?rest_route=\/wp\/v2\/users\/3"}],"replies":[{"embeddable":true,"href":"https:\/\/fmamiga909.com.ar\/index.php?rest_route=%2Fwp%2Fv2%2Fcomments&post=9899"}],"version-history":[{"count":0,"href":"https:\/\/fmamiga909.com.ar\/index.php?rest_route=\/wp\/v2\/posts\/9899\/revisions"}],"wp:featuredmedia":[{"embeddable":true,"href":"https:\/\/fmamiga909.com.ar\/index.php?rest_route=\/wp\/v2\/media\/9900"}],"wp:attachment":[{"href":"https:\/\/fmamiga909.com.ar\/index.php?rest_route=%2Fwp%2Fv2%2Fmedia&parent=9899"}],"wp:term":[{"taxonomy":"category","embeddable":true,"href":"https:\/\/fmamiga909.com.ar\/index.php?rest_route=%2Fwp%2Fv2%2Fcategories&post=9899"},{"taxonomy":"post_tag","embeddable":true,"href":"https:\/\/fmamiga909.com.ar\/index.php?rest_route=%2Fwp%2Fv2%2Ftags&post=9899"}],"curies":[{"name":"wp","href":"https:\/\/api.w.org\/{rel}","templated":true}]}}