{"id":9919,"date":"2023-09-06T13:14:35","date_gmt":"2023-09-06T13:14:35","guid":{"rendered":"https:\/\/fmamiga909.com.ar\/?p=9919"},"modified":"2023-09-06T13:14:35","modified_gmt":"2023-09-06T13:14:35","slug":"la-fifa-podria-extender-la-sancion-de-rubiales","status":"publish","type":"post","link":"https:\/\/fmamiga909.com.ar\/?p=9919","title":{"rendered":"La FIFA podr\u00eda extender la sanci\u00f3n de Rubiales"},"content":{"rendered":"<div>\n<figure class=\"mb-3\"><img decoding=\"async\" src=\"https:\/\/www.telam.com.ar\/thumbs\/bluesteel\/advf\/imagenes\/2023\/08\/64e9f9f90d226_1200.jpg\" class=\" lazy \" width=\"100%\" height=\"100%\" alt=\"Foto AFP\"\/><figcaption> Foto: AFP. <\/figcaption><\/figure>\n<p><strong>El presidente de la Real Federaci\u00f3n Espa\u00f1ol de F\u00fatbol <\/strong>(RFEF), Luis Rubiales, que <strong>est\u00e1 suspendido por la FIFA hasta noviembre<\/strong> pr\u00f3ximo <strong>para desempe\u00f1ar su funci\u00f3n tras el esc\u00e1ndalo del beso a<\/strong> la jugadora espa\u00f1ola <strong>Jenni Hermoso en el Mundial<\/strong> de Ocean\u00eda, <strong>podr\u00eda ser inhabilitado por otros tres meses m\u00e1s por el m\u00e1ximo organismo mundial.<\/strong><\/p>\n<p>Rubiales est\u00e1 suspendido inicialmente como presidente de la RFEF, lo mismo que a nivel internacional, hasta el jueves 23 de noviembre, d\u00eda en que se cumplir\u00e1n 90 d\u00edas de sanci\u00f3n.<\/p>\n<p>No obstante, el dirigente podr\u00eda ser suspendido por otros tres meses, hasta el 21 de febrero pr\u00f3ximo, a la espera de conocer el dictamen disciplinario por parte del Consejo Nacional de Deportes (CSD) de Espa\u00f1a por el expediente abierto al presidente de la RFEF.<\/p>\n<p><figure class=\"mb-3\"><img decoding=\"async\" src=\"https:\/\/www.telam.com.ar\/thumbs\/bluesteel\/advf\/imagenes\/2023\/08\/64ec8ee21baae_1200.jpg\" class=\" lazy \" width=\"100%\" height=\"100%\" alt=\"Rubiales suspendido por FIFA Foto TWrfef\"\/><figcaption> Rubiales suspendido por FIFA. \/ Foto: TW@rfef. <\/figcaption><\/figure>\n<p>El titular de la Comisi\u00f3n Disciplinaria de la FIFA, Jorge Iv\u00e1n Palacios, acord\u00f3 la suspensi\u00f3n provisional de Rubiales de toda actividad relacionada con el f\u00fatbol a nivel nacional e internacional, se\u00f1al\u00f3 Mundo Deportivo.<\/p>\n<p>El dirigente desat\u00f3 el esc\u00e1ndalo al besar en la boca a Hermoso durante la premiaci\u00f3n del equipo ib\u00e9rico como campe\u00f3n mundial en el certamen desarrollado en Nueva Zelanda y Australia.<\/p>\n<p>Luego de acci\u00f3n y en medio estr\u00e9pito causado, se le exigi\u00f3 a Rubiales la renuncia a su cargo pero el dirigente se neg\u00f3 a dimitir en la Asamblea Extraordinaria de la RFEF. <\/p>\n<\/div>\n<p><script async defer crossorigin=\"anonymous\" src=\"https:\/\/connect.facebook.net\/es_LA\/sdk.js#xfbml=1&#038;version=v12.0\" nonce=\"SBlHQzIF\"><\/script><br \/><a href=\"https:\/\/www.telam.com.ar\/notas\/202309\/639177-futbol-fifa-rubiales-extender-sancion-escandalo-hermoso.html\">source<\/a><\/p>\n","protected":false},"excerpt":{"rendered":"<p>Foto: AFP. El presidente de la Real Federaci\u00f3n Espa\u00f1ol de F\u00fatbol (RFEF), Luis Rubiales, que&#8230;<\/p>\n","protected":false},"author":3,"featured_media":9920,"comment_status":"closed","ping_status":"closed","sticky":false,"template":"","format":"standard","meta":{"footnotes":""},"categories":[21],"tags":[],"class_list":["post-9919","post","type-post","status-publish","format-standard","has-post-thumbnail","hentry","category-deportes"],"featured_image_urls":{"full":["https:\/\/fmamiga909.com.ar\/wp-content\/uploads\/2023\/09\/wp-header-logo-42.png",1200,675,false],"thumbnail":["https:\/\/fmamiga909.com.ar\/wp-content\/uploads\/2023\/09\/wp-header-logo-42-150x150.png",150,150,true],"medium":["https:\/\/fmamiga909.com.ar\/wp-content\/uploads\/2023\/09\/wp-header-logo-42-300x169.png",300,169,true],"medium_large":["https:\/\/fmamiga909.com.ar\/wp-content\/uploads\/2023\/09\/wp-header-logo-42.png",1200,675,false],"large":["https:\/\/fmamiga909.com.ar\/wp-content\/uploads\/2023\/09\/wp-header-logo-42-1024x576.png",640,360,true],"1536x1536":["https:\/\/fmamiga909.com.ar\/wp-content\/uploads\/2023\/09\/wp-header-logo-42.png",1200,675,false],"2048x2048":["https:\/\/fmamiga909.com.ar\/wp-content\/uploads\/2023\/09\/wp-header-logo-42.png",1200,675,false],"newsium-slider-full":["https:\/\/fmamiga909.com.ar\/wp-content\/uploads\/2023\/09\/wp-header-logo-42.png",1200,675,false],"newsium-featured":["https:\/\/fmamiga909.com.ar\/wp-content\/uploads\/2023\/09\/wp-header-logo-42-1024x576.png",1024,576,true],"newsium-medium":["https:\/\/fmamiga909.com.ar\/wp-content\/uploads\/2023\/09\/wp-header-logo-42-720x475.png",720,475,true]},"author_info":{"display_name":"Fredy Giuliano","author_link":"https:\/\/fmamiga909.com.ar\/?author=3"},"category_info":"<a href=\"https:\/\/fmamiga909.com.ar\/?cat=21\" rel=\"category\">Deportes<\/a>","tag_info":"Deportes","comment_count":"0","_links":{"self":[{"href":"https:\/\/fmamiga909.com.ar\/index.php?rest_route=\/wp\/v2\/posts\/9919","targetHints":{"allow":["GET"]}}],"collection":[{"href":"https:\/\/fmamiga909.com.ar\/index.php?rest_route=\/wp\/v2\/posts"}],"about":[{"href":"https:\/\/fmamiga909.com.ar\/index.php?rest_route=\/wp\/v2\/types\/post"}],"author":[{"embeddable":true,"href":"https:\/\/fmamiga909.com.ar\/index.php?rest_route=\/wp\/v2\/users\/3"}],"replies":[{"embeddable":true,"href":"https:\/\/fmamiga909.com.ar\/index.php?rest_route=%2Fwp%2Fv2%2Fcomments&post=9919"}],"version-history":[{"count":0,"href":"https:\/\/fmamiga909.com.ar\/index.php?rest_route=\/wp\/v2\/posts\/9919\/revisions"}],"wp:featuredmedia":[{"embeddable":true,"href":"https:\/\/fmamiga909.com.ar\/index.php?rest_route=\/wp\/v2\/media\/9920"}],"wp:attachment":[{"href":"https:\/\/fmamiga909.com.ar\/index.php?rest_route=%2Fwp%2Fv2%2Fmedia&parent=9919"}],"wp:term":[{"taxonomy":"category","embeddable":true,"href":"https:\/\/fmamiga909.com.ar\/index.php?rest_route=%2Fwp%2Fv2%2Fcategories&post=9919"},{"taxonomy":"post_tag","embeddable":true,"href":"https:\/\/fmamiga909.com.ar\/index.php?rest_route=%2Fwp%2Fv2%2Ftags&post=9919"}],"curies":[{"name":"wp","href":"https:\/\/api.w.org\/{rel}","templated":true}]}}