{"id":9921,"date":"2023-09-06T15:24:39","date_gmt":"2023-09-06T15:24:39","guid":{"rendered":"https:\/\/fmamiga909.com.ar\/?p=9921"},"modified":"2023-09-06T15:24:40","modified_gmt":"2023-09-06T15:24:40","slug":"la-provincia-prorrogo-la-emergencia-agropecuaria-hasta-el-31-de-marzo-de-2024","status":"publish","type":"post","link":"https:\/\/fmamiga909.com.ar\/?p=9921","title":{"rendered":"La provincia prorrog\u00f3 la emergencia agropecuaria hasta el 31 de marzo de 2024"},"content":{"rendered":"\n<h1 class=\"wp-block-heading\"><strong>El gobernador de la provincia de Santa Fe, Omar Perotti, declar\u00f3 la continuidad del estado de emergencia y desastre agropecuario como consecuencia de la sequ\u00eda. Se prorroga desde el 1\u00b0 de octubre de 2023 hasta el 31 de marzo de 2024. La medida alcanza a los 19 departamentos del territorio santafesino y a todas las producciones agropecuarias.<\/strong><\/h1>\n\n\n\n<p>Es importante destacar que<strong>&nbsp;\u201clos productores agropecuarios de los departamentos 9 de Julio, Vera y General Obligado&nbsp;<\/strong>que cuenten con certificados de desastre agropecuario emitidos en el marco del Decreto N\u00b0 0627\/2023&nbsp;<strong>permanecer\u00e1n autom\u00e1ticamente en la misma condici\u00f3n&nbsp;<\/strong>sin necesidad de realizar ning\u00fan otro tr\u00e1mite administrativo\u201d, inform\u00f3 el Ministerio de Producci\u00f3n, Ciencia y Tecnolog\u00eda.<\/p>\n\n\n\n<p>Por otra parte,&nbsp;<strong>los productores que ya cuenten con certificados de desastre agropecuario,<\/strong>&nbsp;en el marco del Decreto 0627\/23, de los departamentos&nbsp;<strong>San Crist\u00f3bal,<\/strong>&nbsp;Garay, San Javier, San Justo, Belgrano, Caseros, Constituci\u00f3n, Iriondo, Rosario, San Lorenzo, Las Colonias,&nbsp;<strong>Castellanos<\/strong>, San Mart\u00edn, San Jer\u00f3nimo, La Capital y General L\u00f3pez&nbsp;<strong>cambiar\u00e1n su situaci\u00f3n a emergencia agropecuaria&nbsp;<\/strong>y gozar\u00e1n autom\u00e1ticamente de los beneficios establecidos sin necesidad de realizar ning\u00fan otro tr\u00e1mite administrativo.<br><br>No obstante,<strong>&nbsp;estos productores podr\u00e1n solicitar el cambio a desastre agropecuario cuando su situaci\u00f3n productiva as\u00ed lo amerite<\/strong>, para lo cual deber\u00e1n iniciar el tr\u00e1mite respectivo a trav\u00e9s del Sistema Santafesino de Gesti\u00f3n de Situaciones de Emergencia Agropecuaria (SISAGEA), completando un formulario de declaraci\u00f3n jurada por medio del cual detallar\u00e1n las p\u00e9rdidas sufridas a los fines de ser evaluado y -en caso de corresponder- se proceder\u00e1 a modificar la condici\u00f3n de dicho certificado a desastre agropecuario<\/p>\n\n\n\n<p>Dichos productores deber\u00e1n presentar los formularios respectivos, a modo de Declaraci\u00f3n Jurada, a trav\u00e9s del portal web oficial.<\/p>\n\n\n\n<p><strong>A QUI\u00c9NES COMPRENDE<\/strong><br>Productores agropecuarios cuenten con certificados de desastre agropecuario emitidos en el marco del Decreto N\u00b0 0627\/2023.<\/p>\n\n\n\n<p><strong>BENEFICIOS<\/strong><br>Los productores que posean certificados de desastre agropecuario quedar\u00e1n eximidos del 100% del pago del Impuesto Inmobiliario hasta el 31 de marzo de 2023 del Impuesto Inmobiliario Rural.<\/p>\n\n\n\n<p>Los productores que posean certificados de emergencia agropecuaria y cuya actividad se asienta en predios ubicados en zonas rurales, gozar\u00e1n de la pr\u00f3rroga del vencimiento de la cuota 6 (sexta) del a\u00f1o 2023 la cual fue reprogramada y se fij\u00f3 como fecha l\u00edmite para su cancelaci\u00f3n el 30\/04\/2024. Adem\u00e1s dichos productores tambi\u00e9n se ver\u00e1n favorecidos con la pr\u00f3rroga de las cuotas del a\u00f1o 2024 cuyos vencimientos se produzcan hasta el 31 de marzo de 2024 del Impuesto Inmobiliario Rural.<\/p>\n\n\n\n<p>La Administraci\u00f3n Provincial de Impuestos emitir\u00e1 certificados de cr\u00e9dito fiscal en car\u00e1cter de devoluci\u00f3n, cuando los productores poseedores de certificados de desastre agropecuario hubieran abonado las cuotas del Impuesto Inmobiliario Rural o Urbano<\/p>\n\n\n\n<p>Fuente: Radiobelgranosuardi.com.ar<\/p>\n","protected":false},"excerpt":{"rendered":"<p>El gobernador de la provincia de Santa Fe, Omar Perotti, declar\u00f3 la continuidad del estado&#8230;<\/p>\n","protected":false},"author":3,"featured_media":9922,"comment_status":"closed","ping_status":"closed","sticky":false,"template":"","format":"standard","meta":{"footnotes":""},"categories":[3],"tags":[],"class_list":["post-9921","post","type-post","status-publish","format-standard","has-post-thumbnail","hentry","category-noticias"],"featured_image_urls":{"full":["https:\/\/fmamiga909.com.ar\/wp-content\/uploads\/2023\/09\/emergencia.jpg",474,266,false],"thumbnail":["https:\/\/fmamiga909.com.ar\/wp-content\/uploads\/2023\/09\/emergencia-150x150.jpg",150,150,true],"medium":["https:\/\/fmamiga909.com.ar\/wp-content\/uploads\/2023\/09\/emergencia-300x168.jpg",300,168,true],"medium_large":["https:\/\/fmamiga909.com.ar\/wp-content\/uploads\/2023\/09\/emergencia.jpg",474,266,false],"large":["https:\/\/fmamiga909.com.ar\/wp-content\/uploads\/2023\/09\/emergencia.jpg",474,266,false],"1536x1536":["https:\/\/fmamiga909.com.ar\/wp-content\/uploads\/2023\/09\/emergencia.jpg",474,266,false],"2048x2048":["https:\/\/fmamiga909.com.ar\/wp-content\/uploads\/2023\/09\/emergencia.jpg",474,266,false],"newsium-slider-full":["https:\/\/fmamiga909.com.ar\/wp-content\/uploads\/2023\/09\/emergencia.jpg",474,266,false],"newsium-featured":["https:\/\/fmamiga909.com.ar\/wp-content\/uploads\/2023\/09\/emergencia.jpg",474,266,false],"newsium-medium":["https:\/\/fmamiga909.com.ar\/wp-content\/uploads\/2023\/09\/emergencia.jpg",474,266,false]},"author_info":{"display_name":"Fredy Giuliano","author_link":"https:\/\/fmamiga909.com.ar\/?author=3"},"category_info":"<a href=\"https:\/\/fmamiga909.com.ar\/?cat=3\" rel=\"category\">Noticias<\/a>","tag_info":"Noticias","comment_count":"0","_links":{"self":[{"href":"https:\/\/fmamiga909.com.ar\/index.php?rest_route=\/wp\/v2\/posts\/9921","targetHints":{"allow":["GET"]}}],"collection":[{"href":"https:\/\/fmamiga909.com.ar\/index.php?rest_route=\/wp\/v2\/posts"}],"about":[{"href":"https:\/\/fmamiga909.com.ar\/index.php?rest_route=\/wp\/v2\/types\/post"}],"author":[{"embeddable":true,"href":"https:\/\/fmamiga909.com.ar\/index.php?rest_route=\/wp\/v2\/users\/3"}],"replies":[{"embeddable":true,"href":"https:\/\/fmamiga909.com.ar\/index.php?rest_route=%2Fwp%2Fv2%2Fcomments&post=9921"}],"version-history":[{"count":1,"href":"https:\/\/fmamiga909.com.ar\/index.php?rest_route=\/wp\/v2\/posts\/9921\/revisions"}],"predecessor-version":[{"id":9923,"href":"https:\/\/fmamiga909.com.ar\/index.php?rest_route=\/wp\/v2\/posts\/9921\/revisions\/9923"}],"wp:featuredmedia":[{"embeddable":true,"href":"https:\/\/fmamiga909.com.ar\/index.php?rest_route=\/wp\/v2\/media\/9922"}],"wp:attachment":[{"href":"https:\/\/fmamiga909.com.ar\/index.php?rest_route=%2Fwp%2Fv2%2Fmedia&parent=9921"}],"wp:term":[{"taxonomy":"category","embeddable":true,"href":"https:\/\/fmamiga909.com.ar\/index.php?rest_route=%2Fwp%2Fv2%2Fcategories&post=9921"},{"taxonomy":"post_tag","embeddable":true,"href":"https:\/\/fmamiga909.com.ar\/index.php?rest_route=%2Fwp%2Fv2%2Ftags&post=9921"}],"curies":[{"name":"wp","href":"https:\/\/api.w.org\/{rel}","templated":true}]}}