{"id":9924,"date":"2023-09-06T17:18:30","date_gmt":"2023-09-06T17:18:30","guid":{"rendered":"https:\/\/fmamiga909.com.ar\/?p=9924"},"modified":"2023-09-06T17:18:30","modified_gmt":"2023-09-06T17:18:30","slug":"tras-el-caso-rubiales-espana-echo-al-dt-del-equipo-femenino-que-gano-el-mundial","status":"publish","type":"post","link":"https:\/\/fmamiga909.com.ar\/?p=9924","title":{"rendered":"Tras el caso Rubiales, Espa\u00f1a ech\u00f3 al DT del equipo femenino que gan\u00f3 el Mundial"},"content":{"rendered":"<div>\n<figure class=\"mb-3\"><img decoding=\"async\" src=\"https:\/\/www.telam.com.ar\/thumbs\/bluesteel\/advf\/imagenes\/2023\/08\/64edd9f13db65_1200.jpg\" class=\" lazy \" width=\"100%\" height=\"100%\" alt=\"Telam SE\"\/><figcaption\/><\/figure>\n<p> El seleccionador espa\u00f1ol Jorge Vilda fue cesanteado este martes del equipo nacional femenino tras ganar el Mundial de Australia y Nueva Zelanda.<\/p>\n<p>\u00abLa Real Federaci\u00f3n Espa\u00f1ola de F\u00fatbol, en una de las primeras medidas de renovaci\u00f3n anunciadas por el presidente Pedro Rocha, ha decidido prescindir de los servicios de Jorge Vilda como director deportivo y seleccionador nacional femenino, cargo, este \u00faltimo, al que accedi\u00f3 en 2015\u00bb, comunic\u00f3 oficialmente.<\/p>\n<p>Rocha est\u00e1 en el cargo por al menos tres meses, debido a la suspensi\u00f3n de Luis Rubiales -bes\u00f3 sin consentimiento a la jugadora Jenni Hermoso en la celebraci\u00f3n mundialista- y determin\u00f3 la interrupci\u00f3n del ciclo Vilda.<\/p>\n<blockquote class=\"twitter-tweet\">\n<p lang=\"es\" dir=\"ltr\">\ud83d\udea8 \ud835\udde2\ud835\uddd9\ud835\udddc\ud835\uddd6\ud835\udddc\ud835\uddd4\ud835\udddf | La RFEF destituye a Jorge Vilda como seleccionador nacional y director deportivo.<\/p>\n<p>El t\u00e9cnico ha sido clave para el notable crecimiento del f\u00fatbol femenino y deja a Espa\u00f1a como campeona del mundo y segunda en el ranking FIFA.<\/p>\n<p>\u2139\ufe0f <a href=\"https:\/\/t.co\/als2TBU5mb\">https:\/\/t.co\/als2TBU5mb<\/a> <a href=\"https:\/\/t.co\/u6f3TzAc6B\">pic.twitter.com\/u6f3TzAc6B<\/a><\/p>\n<p>\u2014 RFEF (@rfef) <a href=\"https:\/\/twitter.com\/rfef\/status\/1699070885477630232?ref_src=twsrc%5Etfw\">September 5, 2023<\/a><\/p><\/blockquote>\n<p>\u00abLas RFEF quiere expresar su gratitud a Jorge Vilda por los servicios prestados, por su profesionalidad y su dedicaci\u00f3n durante todos estos a\u00f1os, dese\u00e1ndole para el futuro los mejores \u00e9xitos\u00bb, continu\u00f3.<\/p>\n<p>Vilda, de 42 a\u00f1os, hab\u00eda asumido en 2015 aunque tuvo conflictos con el plantel que estallaron en la Eurocopa de Inglaterra 2022.<\/p>\n<p>Despu\u00e9s de perder en cuartos de final contra las inglesas, se reaviv\u00f3 un malestar por el que renunciaron 15 jugadoras, entre ellas<br \/>Aitana Bonmat\u00ed, quien volvi\u00f3 este a\u00f1o para ser la MVP del Mundial ganado por Espa\u00f1a.<\/p>\n<p>El entrenador apoy\u00f3 a Rubiales cuando anunci\u00f3 que no dimitir\u00eda por sus actos en la premiaci\u00f3n, aunque luego se desdijo y lo conden\u00f3. Sin embargo, en la actual dirigencia decidieron que no contin\u00fae al frente del seleccionado femenino. <\/p>\n<\/div>\n<p><script async src=\"\/\/platform.twitter.com\/widgets.js\" charset=\"utf-8\"><\/script><script async defer crossorigin=\"anonymous\" src=\"https:\/\/connect.facebook.net\/es_LA\/sdk.js#xfbml=1&#038;version=v12.0\" nonce=\"SBlHQzIF\"><\/script><br \/><a href=\"https:\/\/www.telam.com.ar\/notas\/202309\/639238-seleccionador-espaniol-jorge-vilda-echado-equipo-femenino-tras-ganar-mundial.html\">source<\/a><\/p>\n","protected":false},"excerpt":{"rendered":"<p>El seleccionador espa\u00f1ol Jorge Vilda fue cesanteado este martes del equipo nacional femenino tras ganar&#8230;<\/p>\n","protected":false},"author":3,"featured_media":9925,"comment_status":"closed","ping_status":"closed","sticky":false,"template":"","format":"standard","meta":{"footnotes":""},"categories":[21],"tags":[],"class_list":["post-9924","post","type-post","status-publish","format-standard","has-post-thumbnail","hentry","category-deportes"],"featured_image_urls":{"full":["https:\/\/fmamiga909.com.ar\/wp-content\/uploads\/2023\/09\/wp-header-logo-43.png",1200,676,false],"thumbnail":["https:\/\/fmamiga909.com.ar\/wp-content\/uploads\/2023\/09\/wp-header-logo-43-150x150.png",150,150,true],"medium":["https:\/\/fmamiga909.com.ar\/wp-content\/uploads\/2023\/09\/wp-header-logo-43-300x169.png",300,169,true],"medium_large":["https:\/\/fmamiga909.com.ar\/wp-content\/uploads\/2023\/09\/wp-header-logo-43.png",1200,676,false],"large":["https:\/\/fmamiga909.com.ar\/wp-content\/uploads\/2023\/09\/wp-header-logo-43-1024x577.png",640,361,true],"1536x1536":["https:\/\/fmamiga909.com.ar\/wp-content\/uploads\/2023\/09\/wp-header-logo-43.png",1200,676,false],"2048x2048":["https:\/\/fmamiga909.com.ar\/wp-content\/uploads\/2023\/09\/wp-header-logo-43.png",1200,676,false],"newsium-slider-full":["https:\/\/fmamiga909.com.ar\/wp-content\/uploads\/2023\/09\/wp-header-logo-43.png",1200,676,false],"newsium-featured":["https:\/\/fmamiga909.com.ar\/wp-content\/uploads\/2023\/09\/wp-header-logo-43-1024x577.png",1024,577,true],"newsium-medium":["https:\/\/fmamiga909.com.ar\/wp-content\/uploads\/2023\/09\/wp-header-logo-43-720x475.png",720,475,true]},"author_info":{"display_name":"Fredy Giuliano","author_link":"https:\/\/fmamiga909.com.ar\/?author=3"},"category_info":"<a href=\"https:\/\/fmamiga909.com.ar\/?cat=21\" rel=\"category\">Deportes<\/a>","tag_info":"Deportes","comment_count":"0","_links":{"self":[{"href":"https:\/\/fmamiga909.com.ar\/index.php?rest_route=\/wp\/v2\/posts\/9924","targetHints":{"allow":["GET"]}}],"collection":[{"href":"https:\/\/fmamiga909.com.ar\/index.php?rest_route=\/wp\/v2\/posts"}],"about":[{"href":"https:\/\/fmamiga909.com.ar\/index.php?rest_route=\/wp\/v2\/types\/post"}],"author":[{"embeddable":true,"href":"https:\/\/fmamiga909.com.ar\/index.php?rest_route=\/wp\/v2\/users\/3"}],"replies":[{"embeddable":true,"href":"https:\/\/fmamiga909.com.ar\/index.php?rest_route=%2Fwp%2Fv2%2Fcomments&post=9924"}],"version-history":[{"count":0,"href":"https:\/\/fmamiga909.com.ar\/index.php?rest_route=\/wp\/v2\/posts\/9924\/revisions"}],"wp:featuredmedia":[{"embeddable":true,"href":"https:\/\/fmamiga909.com.ar\/index.php?rest_route=\/wp\/v2\/media\/9925"}],"wp:attachment":[{"href":"https:\/\/fmamiga909.com.ar\/index.php?rest_route=%2Fwp%2Fv2%2Fmedia&parent=9924"}],"wp:term":[{"taxonomy":"category","embeddable":true,"href":"https:\/\/fmamiga909.com.ar\/index.php?rest_route=%2Fwp%2Fv2%2Fcategories&post=9924"},{"taxonomy":"post_tag","embeddable":true,"href":"https:\/\/fmamiga909.com.ar\/index.php?rest_route=%2Fwp%2Fv2%2Ftags&post=9924"}],"curies":[{"name":"wp","href":"https:\/\/api.w.org\/{rel}","templated":true}]}}