{"id":9933,"date":"2023-09-06T21:23:18","date_gmt":"2023-09-06T21:23:18","guid":{"rendered":"https:\/\/fmamiga909.com.ar\/?p=9933"},"modified":"2023-09-06T21:23:18","modified_gmt":"2023-09-06T21:23:18","slug":"neymar-se-sumo-al-seleccionado-brasileno-con-el-objetivo-de-superar-a-pele","status":"publish","type":"post","link":"https:\/\/fmamiga909.com.ar\/?p=9933","title":{"rendered":"Neymar se sum\u00f3 al seleccionado brasile\u00f1o con el objetivo de superar a Pel\u00e9"},"content":{"rendered":"<div>\n<figure class=\"mb-3\"><img decoding=\"async\" src=\"https:\/\/www.telam.com.ar\/thumbs\/bluesteel\/advf\/imagenes\/2023\/09\/64f73d6394b5c_1200.jpg\" class=\" lazy \" width=\"100%\" height=\"100%\" alt=\"Foto TWNeymarJrBR_\"\/><figcaption> Foto: TW@NeymarJrBR_. <\/figcaption><\/figure>\n<p><strong>El brasile\u00f1o <\/strong>Neymar, <strong>nueva figura de Al Hilal, de Arabia<\/strong> Saudita, <strong>se sum\u00f3 al seleccionado de su pa\u00eds con el objetivo de superar el r\u00e9cord de goles del legendario Pel\u00e9, en el inicio de las Eliminatorias sudamericanas para el Mundial 2026.<\/strong><\/p>\n<p>El ex Paris Saint-Germain est\u00e1 igualado con Pel\u00e9 en 77 goles y con uno m\u00e1s quedar\u00e1 como el m\u00e1ximo goleador de la historia del seleccionado pentacampe\u00f3n del mundo.<\/p>\n<p>Neymar lleg\u00f3 a la ciudad de Bel\u00e9n el lunes a \u00faltima hora y este martes se entrenar\u00e1 por primera vez con el plantel dirigido por Fernando Diniz en el estadio Mangueirao, sede del partido del pr\u00f3ximo viernes ante Bolivia por la primera fecha de las Eliminatorias sudamericanas para el Mundial 2026.<\/p>\n<p><strong>El delantero, 31 a\u00f1os, no juega un partido desde el pasado 3 de agosto cuando disput\u00f3 un amistoso con PSG ante Jeonbuk,<\/strong> en Corea del Sur.<\/p>\n<blockquote class=\"twitter-tweet\">\n<p lang=\"pt\" dir=\"ltr\">Mais fotos de Neymar ontem na sede da sele\u00e7\u00e3o Brasileira. \ud83d\udcf8\ud83c\udde7\ud83c\uddf7 <a href=\"https:\/\/t.co\/gi63fJmSid\">pic.twitter.com\/gi63fJmSid<\/a><\/p>\n<p>\u2014 Neymar Jr Brasil \ud83c\udde7\ud83c\uddf7 (@NeymarJrBR_) <a href=\"https:\/\/twitter.com\/NeymarJrBR_\/status\/1699045988072083923?ref_src=twsrc%5Etfw\">September 5, 2023<\/a><\/p><\/blockquote>\n<p> Mientras que <strong>su \u00faltima presencia con la Selecci\u00f3n de Brasil fue el 9 de diciembre del a\u00f1o pasado en la eliminaci\u00f3n en cuartos de final del Mundial de Qatar 2022 ante Croacia.<\/strong><\/p>\n<p>En ese partido, el n\u00famero 10 igual\u00f3 el r\u00e9cord de goles de Pel\u00e9, quien para los registros de la Confederaci\u00f3n Brasile\u00f1a de F\u00fatbol (CBF) tiene 95 tantos pero para la FIFA cuentan los 77 que hizo en encuentros oficiales.<\/p>\n<p>El plantel brasile\u00f1o se completar\u00e1 este martes con los arribos de Raphinha (Barcelona), Marquinhos (PSG) y Gabriel Jesus (Arsenal).<\/p>\n<p>Este \u00faltimo fue convocado tras la baja de Antony, quien fue desafectado por la denuncia de violencia de g\u00e9nero que pesa en su contra. <\/p>\n<\/div>\n<p><script async src=\"\/\/platform.twitter.com\/widgets.js\" charset=\"utf-8\"><\/script><script async defer crossorigin=\"anonymous\" src=\"https:\/\/connect.facebook.net\/es_LA\/sdk.js#xfbml=1&#038;version=v12.0\" nonce=\"SBlHQzIF\"><\/script><br \/><a href=\"https:\/\/www.telam.com.ar\/notas\/202309\/639207-futbol-brasil-eliminatorias-sudamericanas-super-legendario-pele.html\">source<\/a><\/p>\n","protected":false},"excerpt":{"rendered":"<p>Foto: TW@NeymarJrBR_. El brasile\u00f1o Neymar, nueva figura de Al Hilal, de Arabia Saudita, se sum\u00f3&#8230;<\/p>\n","protected":false},"author":3,"featured_media":9934,"comment_status":"closed","ping_status":"closed","sticky":false,"template":"","format":"standard","meta":{"footnotes":""},"categories":[21],"tags":[],"class_list":["post-9933","post","type-post","status-publish","format-standard","has-post-thumbnail","hentry","category-deportes"],"featured_image_urls":{"full":["https:\/\/fmamiga909.com.ar\/wp-content\/uploads\/2023\/09\/wp-header-logo-45.png",1000,563,false],"thumbnail":["https:\/\/fmamiga909.com.ar\/wp-content\/uploads\/2023\/09\/wp-header-logo-45-150x150.png",150,150,true],"medium":["https:\/\/fmamiga909.com.ar\/wp-content\/uploads\/2023\/09\/wp-header-logo-45-300x169.png",300,169,true],"medium_large":["https:\/\/fmamiga909.com.ar\/wp-content\/uploads\/2023\/09\/wp-header-logo-45.png",1000,563,false],"large":["https:\/\/fmamiga909.com.ar\/wp-content\/uploads\/2023\/09\/wp-header-logo-45.png",640,360,false],"1536x1536":["https:\/\/fmamiga909.com.ar\/wp-content\/uploads\/2023\/09\/wp-header-logo-45.png",1000,563,false],"2048x2048":["https:\/\/fmamiga909.com.ar\/wp-content\/uploads\/2023\/09\/wp-header-logo-45.png",1000,563,false],"newsium-slider-full":["https:\/\/fmamiga909.com.ar\/wp-content\/uploads\/2023\/09\/wp-header-logo-45.png",1000,563,false],"newsium-featured":["https:\/\/fmamiga909.com.ar\/wp-content\/uploads\/2023\/09\/wp-header-logo-45.png",1000,563,false],"newsium-medium":["https:\/\/fmamiga909.com.ar\/wp-content\/uploads\/2023\/09\/wp-header-logo-45-720x475.png",720,475,true]},"author_info":{"display_name":"Fredy Giuliano","author_link":"https:\/\/fmamiga909.com.ar\/?author=3"},"category_info":"<a href=\"https:\/\/fmamiga909.com.ar\/?cat=21\" rel=\"category\">Deportes<\/a>","tag_info":"Deportes","comment_count":"0","_links":{"self":[{"href":"https:\/\/fmamiga909.com.ar\/index.php?rest_route=\/wp\/v2\/posts\/9933","targetHints":{"allow":["GET"]}}],"collection":[{"href":"https:\/\/fmamiga909.com.ar\/index.php?rest_route=\/wp\/v2\/posts"}],"about":[{"href":"https:\/\/fmamiga909.com.ar\/index.php?rest_route=\/wp\/v2\/types\/post"}],"author":[{"embeddable":true,"href":"https:\/\/fmamiga909.com.ar\/index.php?rest_route=\/wp\/v2\/users\/3"}],"replies":[{"embeddable":true,"href":"https:\/\/fmamiga909.com.ar\/index.php?rest_route=%2Fwp%2Fv2%2Fcomments&post=9933"}],"version-history":[{"count":0,"href":"https:\/\/fmamiga909.com.ar\/index.php?rest_route=\/wp\/v2\/posts\/9933\/revisions"}],"wp:featuredmedia":[{"embeddable":true,"href":"https:\/\/fmamiga909.com.ar\/index.php?rest_route=\/wp\/v2\/media\/9934"}],"wp:attachment":[{"href":"https:\/\/fmamiga909.com.ar\/index.php?rest_route=%2Fwp%2Fv2%2Fmedia&parent=9933"}],"wp:term":[{"taxonomy":"category","embeddable":true,"href":"https:\/\/fmamiga909.com.ar\/index.php?rest_route=%2Fwp%2Fv2%2Fcategories&post=9933"},{"taxonomy":"post_tag","embeddable":true,"href":"https:\/\/fmamiga909.com.ar\/index.php?rest_route=%2Fwp%2Fv2%2Ftags&post=9933"}],"curies":[{"name":"wp","href":"https:\/\/api.w.org\/{rel}","templated":true}]}}