{"id":9936,"date":"2023-09-06T23:24:09","date_gmt":"2023-09-06T23:24:09","guid":{"rendered":"https:\/\/fmamiga909.com.ar\/?p=9936"},"modified":"2023-09-06T23:24:09","modified_gmt":"2023-09-06T23:24:09","slug":"messi-llego-a-argentina-para-jugar-las-eliminatorias-del-mundial-2026","status":"publish","type":"post","link":"https:\/\/fmamiga909.com.ar\/?p=9936","title":{"rendered":"Messi lleg\u00f3 a Argentina para jugar las Eliminatorias del Mundial 2026"},"content":{"rendered":"<div>\n<figure class=\"mb-3\"><img decoding=\"async\" src=\"https:\/\/www.telam.com.ar\/thumbs\/bluesteel\/advf\/imagenes\/2023\/09\/64f70f8074596_1200.jpg\" class=\" lazy \" width=\"100%\" height=\"100%\" alt=\"Foto TWArgentina\"\/><figcaption> Foto: TW@Argentina. <\/figcaption><\/figure>\n<p><strong>Lionel Messi<\/strong>, capit\u00e1n y s\u00edmbolo del seleccionado de f\u00fatbol de la Argentina, <strong>lleg\u00f3<\/strong> este martes<strong> al pa\u00eds procedente de los Estados Unidos y de inmediato se sum\u00f3 a la concentraci\u00f3n \u00abalbiceleste\u00bb en el predio de la AFA en Ezeiza, con miras al partido de Eliminatorias Sudamericanas del jueves ante Ecuador, en el estadio de River Plate.<\/strong><\/p>\n<p>El crack rosarino lleg\u00f3 desde Miami a las 6.45 y una vez en el aeropuerto Ministro Pistarini, en Ezeiza, fue recibido y luego trasladado al predio de la AFA para sumarse al plantel campe\u00f3n del mundo que conduce Lionel Scaloni.<\/p>\n<p>Messi jug\u00f3 el domingo para su nuevo equipo, el Inter Miami, que le gan\u00f3 a Los Angeles FC por 3 a 1 por la MLS, y no pudo estar presente en la primera pr\u00e1ctica desarrollada ayer en Ezeiza por el plantel del seleccionado nacional.<\/p>\n<p>El primer entrenamiento rumbo al inicio de la primera competencia oficial post Qatar que conducir\u00e1 justamente a otro Mundial, en este caso el de Estados Unidos-M\u00e9xico-Canad\u00e1 2026, se llev\u00f3 a cabo sin Messi pero con el resto del plantel completo, aunque el capit\u00e1n s\u00ed tomar\u00e1 parte de la pr\u00e1ctica de esta tarde.<\/p>\n<p>Argentina debutar\u00e1 en las Eliminatorias Sudamericanas frente a Ecuador, que ya se entrena en el pa\u00eds, el jueves desde las 21 en el estadio Mas Monumental riverplatense.<\/p>\n<p>El segundo compromiso de Argentina ser\u00e1 el martes 12 cuando desde las 17 visite a Bolivia en La Paz, en un partido en el que quiz\u00e1 no est\u00e9 Messi, a quien se le dar\u00eda descanso, aunque eso lo decidir\u00e1 Scaloni y su cuerpo t\u00e9cnico.<\/p>\n<h2 class=\"\">Con la llegada del \u00abDibu\u00bb Mart\u00ednez, Scaloni tiene el plantel completo<\/h2>\n<p>El arquero Emiliano \u00abDibu\u00bb Mart\u00ednez lleg\u00f3 este martes procedente de Londres y se sum\u00f3 a la concentraci\u00f3n del seleccionado argentino campe\u00f3n del mundo en Ezeiza, con miras al debut en las Eliminatorias Sudamericanas que ser\u00e1 el jueves ante Ecuador, en el estadio de River Plate.<\/p>\n<p>El arquero nacido en Mar del Plata lleg\u00f3 alrededor de las 7.15 al aeropuerto Ministro Pistarini en Ezeiza y cuando la gente lo reconoci\u00f3 se gener\u00f3 un revuelo sobre todo con los chicos que lo abordaron para tomarse \u00abselfies\u00bb a las que accedi\u00f3 gentilmente.<\/p>\n<p><figure class=\"mb-3\"><img decoding=\"async\" src=\"https:\/\/www.telam.com.ar\/thumbs\/bluesteel\/advf\/imagenes\/2023\/09\/64f7100c63f7d_1200.jpg\" class=\" lazy \" width=\"100%\" height=\"100%\" alt=\"Foto TWArgentina\"\/><figcaption> Foto: TW@Argentina. <\/figcaption><\/figure>\n<p>\u00abDibu\u00bb Mart\u00ednez, luego de Messi la figura m\u00e1s carism\u00e1tica del equipo campe\u00f3n del mundo, luci\u00f3 una gorrita y un buzo blanco a su llegada al pa\u00eds, y con una sonrisa acept\u00f3 tomarse una gran cantidad de fotos que demoraron su traslado al predio de la AFA ubicado tambi\u00e9n en Ezeiza a poca distancia de la estaci\u00f3n a\u00e9rea.<\/p>\n<p>Argentina debutar\u00e1 en las Eliminatorias Sudamericanas frente a Ecuador, el jueves desde las 21 en el estadio Mas Monumental riverplatense.<\/p>\n<p>El segundo compromiso de Argentina ser\u00e1 el martes 12 cuando desde las 17 visite a Bolivia en La Paz, en un partido en el que quiz\u00e1 no est\u00e9 Messi, a quien se le dar\u00eda descanso, aunque eso lo decidir\u00e1 Scaloni y su cuerpo t\u00e9cnico. <\/p>\n<\/div>\n<p><script async defer crossorigin=\"anonymous\" src=\"https:\/\/connect.facebook.net\/es_LA\/sdk.js#xfbml=1&#038;version=v12.0\" nonce=\"SBlHQzIF\"><\/script><br \/><a href=\"https:\/\/www.telam.com.ar\/notas\/202309\/639176-futbol-eliminatorias-sudamericanas-lionel-messi-argentina-predio-afa.html\">source<\/a><\/p>\n","protected":false},"excerpt":{"rendered":"<p>Foto: TW@Argentina. Lionel Messi, capit\u00e1n y s\u00edmbolo del seleccionado de f\u00fatbol de la Argentina, lleg\u00f3&#8230;<\/p>\n","protected":false},"author":3,"featured_media":9937,"comment_status":"closed","ping_status":"closed","sticky":false,"template":"","format":"standard","meta":{"footnotes":""},"categories":[21],"tags":[],"class_list":["post-9936","post","type-post","status-publish","format-standard","has-post-thumbnail","hentry","category-deportes"],"featured_image_urls":{"full":["https:\/\/fmamiga909.com.ar\/wp-content\/uploads\/2023\/09\/wp-header-logo-46.png",1200,675,false],"thumbnail":["https:\/\/fmamiga909.com.ar\/wp-content\/uploads\/2023\/09\/wp-header-logo-46-150x150.png",150,150,true],"medium":["https:\/\/fmamiga909.com.ar\/wp-content\/uploads\/2023\/09\/wp-header-logo-46-300x169.png",300,169,true],"medium_large":["https:\/\/fmamiga909.com.ar\/wp-content\/uploads\/2023\/09\/wp-header-logo-46.png",1200,675,false],"large":["https:\/\/fmamiga909.com.ar\/wp-content\/uploads\/2023\/09\/wp-header-logo-46-1024x576.png",640,360,true],"1536x1536":["https:\/\/fmamiga909.com.ar\/wp-content\/uploads\/2023\/09\/wp-header-logo-46.png",1200,675,false],"2048x2048":["https:\/\/fmamiga909.com.ar\/wp-content\/uploads\/2023\/09\/wp-header-logo-46.png",1200,675,false],"newsium-slider-full":["https:\/\/fmamiga909.com.ar\/wp-content\/uploads\/2023\/09\/wp-header-logo-46.png",1200,675,false],"newsium-featured":["https:\/\/fmamiga909.com.ar\/wp-content\/uploads\/2023\/09\/wp-header-logo-46-1024x576.png",1024,576,true],"newsium-medium":["https:\/\/fmamiga909.com.ar\/wp-content\/uploads\/2023\/09\/wp-header-logo-46-720x475.png",720,475,true]},"author_info":{"display_name":"Fredy Giuliano","author_link":"https:\/\/fmamiga909.com.ar\/?author=3"},"category_info":"<a href=\"https:\/\/fmamiga909.com.ar\/?cat=21\" rel=\"category\">Deportes<\/a>","tag_info":"Deportes","comment_count":"0","_links":{"self":[{"href":"https:\/\/fmamiga909.com.ar\/index.php?rest_route=\/wp\/v2\/posts\/9936","targetHints":{"allow":["GET"]}}],"collection":[{"href":"https:\/\/fmamiga909.com.ar\/index.php?rest_route=\/wp\/v2\/posts"}],"about":[{"href":"https:\/\/fmamiga909.com.ar\/index.php?rest_route=\/wp\/v2\/types\/post"}],"author":[{"embeddable":true,"href":"https:\/\/fmamiga909.com.ar\/index.php?rest_route=\/wp\/v2\/users\/3"}],"replies":[{"embeddable":true,"href":"https:\/\/fmamiga909.com.ar\/index.php?rest_route=%2Fwp%2Fv2%2Fcomments&post=9936"}],"version-history":[{"count":0,"href":"https:\/\/fmamiga909.com.ar\/index.php?rest_route=\/wp\/v2\/posts\/9936\/revisions"}],"wp:featuredmedia":[{"embeddable":true,"href":"https:\/\/fmamiga909.com.ar\/index.php?rest_route=\/wp\/v2\/media\/9937"}],"wp:attachment":[{"href":"https:\/\/fmamiga909.com.ar\/index.php?rest_route=%2Fwp%2Fv2%2Fmedia&parent=9936"}],"wp:term":[{"taxonomy":"category","embeddable":true,"href":"https:\/\/fmamiga909.com.ar\/index.php?rest_route=%2Fwp%2Fv2%2Fcategories&post=9936"},{"taxonomy":"post_tag","embeddable":true,"href":"https:\/\/fmamiga909.com.ar\/index.php?rest_route=%2Fwp%2Fv2%2Ftags&post=9936"}],"curies":[{"name":"wp","href":"https:\/\/api.w.org\/{rel}","templated":true}]}}