{"id":9955,"date":"2023-09-07T21:30:20","date_gmt":"2023-09-07T21:30:20","guid":{"rendered":"https:\/\/fmamiga909.com.ar\/?p=9955"},"modified":"2023-09-07T21:30:23","modified_gmt":"2023-09-07T21:30:23","slug":"se-presento-el-libro-museos-de-santa-fe-testimonio-y-memoria","status":"publish","type":"post","link":"https:\/\/fmamiga909.com.ar\/?p=9955","title":{"rendered":"Se present\u00f3 el libro \u201cMuseos de Santa Fe. Testimonio y memoria\u201d"},"content":{"rendered":"\n<p>M\u00e1s de doscientos representantes de instituciones de toda la provincia participaron del lanzamiento de la publicaci\u00f3n del Ministerio de Cultura.<\/p>\n\n\n\n<p>El Ministerio de Cultura de la provincia present\u00f3 el libro \u201cMuseos de Santa Fe. Testimonio y Memoria\u201d, que compila un trabajo territorial de relevamiento y actualizaci\u00f3n de datos de los museos santafesinos en los 19 departamentos, contabilizando m\u00e1s de doscientos organismos y m\u00e1s de veinte mil kil\u00f3metros recorridos.<\/p>\n\n\n\n<p>La presentaci\u00f3n se desarroll\u00f3 este mi\u00e9rcoles en el Parque Arqueol\u00f3gico Santa Fe la Vieja. El acto estuvo presidido por la vicegobernadora Alejandra Rodenas y el ministro de Cultura Jorge Llonch.<\/p>\n\n\n\n<p>El acto, realizado en el Parque Arqueol\u00f3gico Santa Fe la Vieja (Cayast\u00e1) cont\u00f3 con la participaci\u00f3n, adem\u00e1s de Rodenas y Llonch, del secretario de Gesti\u00f3n Cultural Jorge Pavarin; el subsecretario de Gesti\u00f3n Cultural Javier Armentano y la presidenta de la Asociaci\u00f3n de Museos de la Provincia de Santa Fe, Adriana Imhoff.<\/p>\n\n\n\n<p>Tambi\u00e9n estuvieron presentes el senador por el departamento Garay, Carlos Kaufmann; el presidente comunal de Cayast\u00e1, Edgardo Berli; la directora de Infraestructura del ministerio de Educaci\u00f3n, Patricia Dorigo, en representaci\u00f3n del ministro del \u00e1rea, y el coordinador del Parque Arqueol\u00f3gico Santa Fe la Vieja, Gabriel Cocco; entre otras autoridades ministeriales, legislativas, municipales y comunales, adem\u00e1s de directivos y trabajadores de museos santafesinos.<\/p>\n\n\n\n<p>La edici\u00f3n del libro cont\u00f3 con el aporte del Consejo Federal de Inversiones (CFI), y la versi\u00f3n digital y gratuita del libro puede descargarse de&nbsp;<a href=\"http:\/\/www.pacusfe.gob.ar\/\" target=\"_blank\" rel=\"noreferrer noopener\">www.pacusfe.gob.ar<\/a>, sitio del Patrimonio Cultural Santafesino, perteneciente al Ministerio de Cultura de la provincia.<\/p>\n\n\n\n<h3 class=\"wp-block-heading\">TESTIMONIO Y MEMORIA<\/h3>\n\n\n\n<p>Al momento de las palabras, la vicegobernadora sostuvo: \u201cMe apabull\u00f3 un poco cuando me puse a mirar los n\u00fameros que est\u00e1n detr\u00e1s de este libro, porque un libro siempre es una s\u00edntesis. Por ejemplo, 216 museos, 123 localidades, en las que se han recorrido veinte mil kil\u00f3metros a lo largo de los 19 departamentos. Es una provincia extensa la nuestra, enorme, larga, con dimensiones de pa\u00eds, heterog\u00e9nea, diversa\u201d. Luego manifest\u00f3 su \u201cagradecimiento al apoyo del CFI, porque sin ellos no hubiera sido posible este libro\u201d.<\/p>\n\n\n\n<p>Rodenas continu\u00f3 se\u00f1alando que \u201caqu\u00ed hoy estamos personas de todas las edades, los que peinan canas, hay j\u00f3venes, hombres y mujeres de edad intermedia, adultos mayores, una franja etaria de los que representan la potencia de los museos en la provincia de Santa Fe tambi\u00e9n es una gran foto del deseo y de las ganas de participar, el deseo de dejar una huella, un testimonio\u201d.<\/p>\n\n\n\n<p>Para cerrar su alocuci\u00f3n expres\u00f3 que \u201ctambi\u00e9n quienes est\u00e1n hoy representan distintas formas de pensar y de sentir la pol\u00edtica, no todos tenemos que tener la misma filiaci\u00f3n partidaria para poder construir un testimonio, y eso es lo rico de un testimonio porque en este libro no solo aparecen las im\u00e1genes y los rastros de quienes nos han precedido, sino tambi\u00e9n una forma de ver y de pensar el presente. Sin mirar para atr\u00e1s es imposible construir un libro de estas caracter\u00edsticas; y sin mirar el futuro tampoco est\u00e1 el deseo de querer construir un libro como \u00e9ste\u201d.<\/p>\n\n\n\n<p>Luego el ministro Llonch explic\u00f3 que \u201celegimos este Parque Arqueol\u00f3gico, este lugar, para presentar este libro, porque ac\u00e1 naci\u00f3 todo, porque ac\u00e1 naci\u00f3 la provincia. Este a\u00f1o, el del 450\u00ba aniversario de la fundaci\u00f3n de Santa Fe, quisimos tener listo este libro como homenaje al cumplea\u00f1os de nuestra provincia\u201d.<\/p>\n\n\n\n<p>El titular de la cartera cultural agreg\u00f3 que \u201ccuando uno pudo entender c\u00f3mo fue habitada y c\u00f3mo fueron los primeros habitantes de Santa Fe la Vieja, c\u00f3mo se fueron delimitando las fronteras de esta provincia, empezamos a ver c\u00f3mo se iba habitando el territorio, y a partir de ellos empezamos a ver c\u00f3mo fueron naciendo dentro de cada comunidad los museos\u201d.<\/p>\n\n\n\n<p>\u201cLos museos no s\u00f3lo atesoran la vida actual, sino tambi\u00e9n lo que trajeron los inmigrantes. Algunos hemos visto nacer un museo y es algo maravilloso, porque en un pueblo a veces la gente desconf\u00eda de llevar lo que tiene atesorado que era del tatarabuelo y no saber si en ese lugar en que lo va a depositar va a estar bien cuidado, quienes van a estar a cargo de ello. Pero as\u00ed va naciendo un museo, se va organizando, se va armando un relato de la ciudad o del pueblo\u201d prosigui\u00f3 el funcionario.<\/p>\n\n\n\n<p>Finalmente, Llonch expres\u00f3 que \u201clos veinte mil kil\u00f3metros recorridos que dieron origen a este libro se traducen en que nada se hubiese podido hacer si ustedes no colaboraban, las personas que atesoran y custodian, y los que tambi\u00e9n hacen que los museos sigan creciendo, para luego concluir aseverando que \u201cdesde el ministerio de Cultura tenemos la obligaci\u00f3n de mostrar la identidad de la provincia y este libro tiene como eje la identidad de la provincia de Santa Fe\u201d.<\/p>\n\n\n\n<p>A su turno, Armentano puso de manifiesto el \u201cplacer inmenso de que haya llegado este d\u00eda donde estamos coronando esta construcci\u00f3n conjunta que hicimos durante un a\u00f1o\u201d.<\/p>\n\n\n\n<p>El funcionario narr\u00f3 las instancias que dieron origen a este libro, contando que \u201cal inicio de la gesti\u00f3n nos encontramos con que el ministerio de Cultura debido a la Ley 12.955 de Preservaci\u00f3n del Patrimonio, tiene la obligaci\u00f3n de subsidiar a todos aquellos museos que est\u00e9n inscriptos en el Registro Provincial de Museos a trav\u00e9s de la coparticipaci\u00f3n de Loter\u00eda de Santa Fe. Y en el relevamiento de ese registro, notamos que hab\u00eda unos 80 museos anotados; que la Asociaci\u00f3n de Museos ten\u00eda unos 140, pero tambi\u00e9n notamos que hab\u00eda muchos museos m\u00e1s. Pandemia mediante fue muy dif\u00edcil encontrar los datos de todos los museos, porque algunos hab\u00edan cambiado sus autoridades o sus n\u00fameros de tel\u00e9fono o de mail, y fue entonces que decidimos hacer esta recorrida y luego testimoniarla en un libro\u201d.<\/p>\n\n\n\n<p>Armentano agreg\u00f3 que \u201cfuimos recibidos de manera excelente por todos, visitamos a todos, encontramos museos nuevos, y en el transcurso de ese a\u00f1o fueron naciendo m\u00e1s museos demostrando que el patrimonio es algo vivo y seguramente el a\u00f1o que viene, y el pr\u00f3ximo, y as\u00ed, habr\u00e1 m\u00e1s museos porque esta provincia extensa, riqu\u00edsima y hermosa, lo permite\u201d.<\/p>\n\n\n\n<p>\u201cDurante el recorrido vimos que no se trataba solamente de lo que pod\u00edamos relevar, los objetos con historias, sino tambi\u00e9n lugares, paisajes, monumentos, edificios, el patrimonio tangible e intangible, y todo eso es lo que tratamos de resumir en estas p\u00e1ginas: la memoria, el patrimonio, estos somos\u201d, concluy\u00f3 el subsecretario.<\/p>\n\n\n\n<p>Por su parte, la presidenta de la Asociaci\u00f3n de Museos indic\u00f3 que \u201ceste libro es la concreci\u00f3n de un proyecto que comenz\u00f3 con esta gesti\u00f3n y desde la Asociaci\u00f3n de Museos los estuvimos acompa\u00f1ando, ofreci\u00e9ndoles todo lo que ten\u00edamos que son los m\u00e1s de 140 museos asociados, con el objetivo de que todo ese material llegara a este d\u00eda donde estamos dando a luz este libro\u201d, para luego a\u00f1adir que \u201clo que nos encontramos super\u00f3 ampliamente nuestras expectativas porque nunca pensamos que \u00e9ramos tantos museos y qu\u00e9 lindo poder recorrer estas p\u00e1ginas y ver museos espl\u00e9ndidos, con magn\u00edficos edificios y colecciones impresionantes, que tambi\u00e9n hay museos emblem\u00e1ticos, en casonas importantes, y tambi\u00e9n que hay museos que a lo mejor son habitaciones donde un pu\u00f1ado de voluntarios decide recuperar esas memorias para que no se pierdan. Hoy tener este libro nos permite recorrer toda la provincia y es un orgullo para nosotros formar parte de \u00e9l\u201d.<\/p>\n\n\n\n<h3 class=\"wp-block-heading\">EL ACTO<\/h3>\n\n\n\n<p>Adem\u00e1s de las palabras de las autoridades, se proyectaron dos videos en pantalla gigante. Uno con el saludo de Gabriela Mart\u00ednez Castro, del Museo Municipal de Firmat, en representaci\u00f3n de los museos del sur provincial, y el otro del cantautor santafesino oriundo de Ca\u00f1ada Rosqu\u00edn, Le\u00f3n Gieco, quien est\u00e1 llevando adelante un museo con su recorrido por la m\u00fasica.<\/p>\n\n\n\n<p>De manera presencial y en representaci\u00f3n de los museos de la regi\u00f3n norte, habl\u00f3 Elina Cricco, del Museo Municipal de Reconquista.<\/p>\n\n\n\n<p>Tambi\u00e9n, la vicegobernadora Rodenas hizo entrega de Banderas de Ceremonia al Museo del Deporte Santafesino con motivo de celebrarse el cumplea\u00f1os del organismo. Las recibi\u00f3 el director de ese espacio, Juan Echeverr\u00eda.<\/p>\n\n\n\n<p>Finalmente, las autoridades departamentales y de los museos recibieron de regalo un cuadro con una fotograf\u00eda de algunos de los museos m\u00e1s representativos de cada zona. La jornada estuvo acompa\u00f1ada por la m\u00fasica de Esteban Echaniz, Antonio Olivera y Thito Amante en la apertura del acto; en tanto Brenda Bock Samba Tr\u00edo lo hizo en el cierre.<\/p>\n\n\n\n<p>Y Hersilia tiene su Museo incluido en ese libro, propiedad de Oscar Cainelli.<\/p>\n\n\n\n<p>Felicitaciones!!!<\/p>\n\n\n\n<figure class=\"wp-block-gallery has-nested-images columns-default is-cropped wp-block-gallery-1 is-layout-flex wp-block-gallery-is-layout-flex\">\n<figure class=\"wp-block-image size-large\"><img loading=\"lazy\" decoding=\"async\" width=\"1024\" height=\"681\" data-id=\"9959\" src=\"https:\/\/fmamiga909.com.ar\/wp-content\/uploads\/2023\/09\/Libro-Llonch-Rodenas-scaled-1-1024x681.jpg\" alt=\"\" class=\"wp-image-9959\" srcset=\"https:\/\/fmamiga909.com.ar\/wp-content\/uploads\/2023\/09\/Libro-Llonch-Rodenas-scaled-1-1024x681.jpg 1024w, https:\/\/fmamiga909.com.ar\/wp-content\/uploads\/2023\/09\/Libro-Llonch-Rodenas-scaled-1-300x200.jpg 300w, https:\/\/fmamiga909.com.ar\/wp-content\/uploads\/2023\/09\/Libro-Llonch-Rodenas-scaled-1-1536x1022.jpg 1536w, https:\/\/fmamiga909.com.ar\/wp-content\/uploads\/2023\/09\/Libro-Llonch-Rodenas-scaled-1-2048x1362.jpg 2048w\" sizes=\"auto, (max-width: 1024px) 100vw, 1024px\" \/><\/figure>\n\n\n\n<figure class=\"wp-block-image size-large\"><img loading=\"lazy\" decoding=\"async\" width=\"768\" height=\"1024\" data-id=\"9956\" src=\"https:\/\/fmamiga909.com.ar\/wp-content\/uploads\/2023\/09\/WhatsApp-Image-2023-09-07-at-12.13.59-768x1024.jpeg\" alt=\"\" class=\"wp-image-9956\" srcset=\"https:\/\/fmamiga909.com.ar\/wp-content\/uploads\/2023\/09\/WhatsApp-Image-2023-09-07-at-12.13.59-768x1024.jpeg 768w, https:\/\/fmamiga909.com.ar\/wp-content\/uploads\/2023\/09\/WhatsApp-Image-2023-09-07-at-12.13.59-225x300.jpeg 225w, https:\/\/fmamiga909.com.ar\/wp-content\/uploads\/2023\/09\/WhatsApp-Image-2023-09-07-at-12.13.59.jpeg 960w\" sizes=\"auto, (max-width: 768px) 100vw, 768px\" \/><\/figure>\n\n\n\n<figure class=\"wp-block-image size-large\"><img loading=\"lazy\" decoding=\"async\" width=\"768\" height=\"1024\" data-id=\"9958\" src=\"https:\/\/fmamiga909.com.ar\/wp-content\/uploads\/2023\/09\/WhatsApp-Image-2023-09-07-at-12.14.00-768x1024.jpeg\" alt=\"\" class=\"wp-image-9958\" srcset=\"https:\/\/fmamiga909.com.ar\/wp-content\/uploads\/2023\/09\/WhatsApp-Image-2023-09-07-at-12.14.00-768x1024.jpeg 768w, https:\/\/fmamiga909.com.ar\/wp-content\/uploads\/2023\/09\/WhatsApp-Image-2023-09-07-at-12.14.00-225x300.jpeg 225w, https:\/\/fmamiga909.com.ar\/wp-content\/uploads\/2023\/09\/WhatsApp-Image-2023-09-07-at-12.14.00.jpeg 960w\" sizes=\"auto, (max-width: 768px) 100vw, 768px\" \/><\/figure>\n\n\n\n<figure class=\"wp-block-image size-large\"><img loading=\"lazy\" decoding=\"async\" width=\"768\" height=\"1024\" data-id=\"9957\" src=\"https:\/\/fmamiga909.com.ar\/wp-content\/uploads\/2023\/09\/WhatsApp-Image-2023-09-07-at-12.14.01-768x1024.jpeg\" alt=\"\" class=\"wp-image-9957\" srcset=\"https:\/\/fmamiga909.com.ar\/wp-content\/uploads\/2023\/09\/WhatsApp-Image-2023-09-07-at-12.14.01-768x1024.jpeg 768w, https:\/\/fmamiga909.com.ar\/wp-content\/uploads\/2023\/09\/WhatsApp-Image-2023-09-07-at-12.14.01-225x300.jpeg 225w, https:\/\/fmamiga909.com.ar\/wp-content\/uploads\/2023\/09\/WhatsApp-Image-2023-09-07-at-12.14.01.jpeg 960w\" sizes=\"auto, (max-width: 768px) 100vw, 768px\" \/><\/figure>\n<\/figure>\n","protected":false},"excerpt":{"rendered":"<p>M\u00e1s de doscientos representantes de instituciones de toda la provincia participaron del lanzamiento de la&#8230;<\/p>\n","protected":false},"author":3,"featured_media":9959,"comment_status":"closed","ping_status":"closed","sticky":false,"template":"","format":"standard","meta":{"footnotes":""},"categories":[20,3],"tags":[],"class_list":["post-9955","post","type-post","status-publish","format-standard","has-post-thumbnail","hentry","category-entrevistas","category-noticias"],"featured_image_urls":{"full":["https:\/\/fmamiga909.com.ar\/wp-content\/uploads\/2023\/09\/Libro-Llonch-Rodenas-scaled-1.jpg",2560,1703,false],"thumbnail":["https:\/\/fmamiga909.com.ar\/wp-content\/uploads\/2023\/09\/Libro-Llonch-Rodenas-scaled-1-150x150.jpg",150,150,true],"medium":["https:\/\/fmamiga909.com.ar\/wp-content\/uploads\/2023\/09\/Libro-Llonch-Rodenas-scaled-1-300x200.jpg",300,200,true],"medium_large":["https:\/\/fmamiga909.com.ar\/wp-content\/uploads\/2023\/09\/Libro-Llonch-Rodenas-scaled-1.jpg",2560,1703,false],"large":["https:\/\/fmamiga909.com.ar\/wp-content\/uploads\/2023\/09\/Libro-Llonch-Rodenas-scaled-1-1024x681.jpg",640,426,true],"1536x1536":["https:\/\/fmamiga909.com.ar\/wp-content\/uploads\/2023\/09\/Libro-Llonch-Rodenas-scaled-1-1536x1022.jpg",1536,1022,true],"2048x2048":["https:\/\/fmamiga909.com.ar\/wp-content\/uploads\/2023\/09\/Libro-Llonch-Rodenas-scaled-1-2048x1362.jpg",2048,1362,true],"newsium-slider-full":["https:\/\/fmamiga909.com.ar\/wp-content\/uploads\/2023\/09\/Libro-Llonch-Rodenas-scaled-1-1280x845.jpg",1280,845,true],"newsium-featured":["https:\/\/fmamiga909.com.ar\/wp-content\/uploads\/2023\/09\/Libro-Llonch-Rodenas-scaled-1-1024x681.jpg",1024,681,true],"newsium-medium":["https:\/\/fmamiga909.com.ar\/wp-content\/uploads\/2023\/09\/Libro-Llonch-Rodenas-scaled-1-720x475.jpg",720,475,true]},"author_info":{"display_name":"Fredy Giuliano","author_link":"https:\/\/fmamiga909.com.ar\/?author=3"},"category_info":"<a href=\"https:\/\/fmamiga909.com.ar\/?cat=20\" rel=\"category\">Entrevistas<\/a> <a href=\"https:\/\/fmamiga909.com.ar\/?cat=3\" rel=\"category\">Noticias<\/a>","tag_info":"Noticias","comment_count":"0","_links":{"self":[{"href":"https:\/\/fmamiga909.com.ar\/index.php?rest_route=\/wp\/v2\/posts\/9955","targetHints":{"allow":["GET"]}}],"collection":[{"href":"https:\/\/fmamiga909.com.ar\/index.php?rest_route=\/wp\/v2\/posts"}],"about":[{"href":"https:\/\/fmamiga909.com.ar\/index.php?rest_route=\/wp\/v2\/types\/post"}],"author":[{"embeddable":true,"href":"https:\/\/fmamiga909.com.ar\/index.php?rest_route=\/wp\/v2\/users\/3"}],"replies":[{"embeddable":true,"href":"https:\/\/fmamiga909.com.ar\/index.php?rest_route=%2Fwp%2Fv2%2Fcomments&post=9955"}],"version-history":[{"count":1,"href":"https:\/\/fmamiga909.com.ar\/index.php?rest_route=\/wp\/v2\/posts\/9955\/revisions"}],"predecessor-version":[{"id":9960,"href":"https:\/\/fmamiga909.com.ar\/index.php?rest_route=\/wp\/v2\/posts\/9955\/revisions\/9960"}],"wp:featuredmedia":[{"embeddable":true,"href":"https:\/\/fmamiga909.com.ar\/index.php?rest_route=\/wp\/v2\/media\/9959"}],"wp:attachment":[{"href":"https:\/\/fmamiga909.com.ar\/index.php?rest_route=%2Fwp%2Fv2%2Fmedia&parent=9955"}],"wp:term":[{"taxonomy":"category","embeddable":true,"href":"https:\/\/fmamiga909.com.ar\/index.php?rest_route=%2Fwp%2Fv2%2Fcategories&post=9955"},{"taxonomy":"post_tag","embeddable":true,"href":"https:\/\/fmamiga909.com.ar\/index.php?rest_route=%2Fwp%2Fv2%2Ftags&post=9955"}],"curies":[{"name":"wp","href":"https:\/\/api.w.org\/{rel}","templated":true}]}}