{"id":9961,"date":"2023-09-07T21:48:10","date_gmt":"2023-09-07T21:48:10","guid":{"rendered":"https:\/\/fmamiga909.com.ar\/?p=9961"},"modified":"2023-09-07T21:48:10","modified_gmt":"2023-09-07T21:48:10","slug":"tebas-rubiales-no-renuncia-porque-cree-que-no-hizo-nada-malo-lo-cual-es-peor","status":"publish","type":"post","link":"https:\/\/fmamiga909.com.ar\/?p=9961","title":{"rendered":"Tebas: &quot;Rubiales no renuncia porque cree que no hizo nada malo, lo cual es peor&quot;"},"content":{"rendered":"<div>\n<figure class=\"mb-3\"><img decoding=\"async\" src=\"https:\/\/www.telam.com.ar\/thumbs\/bluesteel\/advf\/imagenes\/2023\/09\/64f8dda727b93_1200.jpg\" class=\" lazy \" width=\"100%\" height=\"100%\" alt=\"Javier Tebas Foto Instagram\"\/><figcaption> Javier Tebas \/ Foto: Instagram. <\/figcaption><\/figure>\n<p> El presidente de LaLiga de Espa\u00f1a, Javier Tebas, arremeti\u00f3 contra el titular de la Real Federaci\u00f3n Espa\u00f1ola de F\u00fatbol (RFEF), Luis Rubiales, y solicit\u00f3 una vez m\u00e1s su renuncia al cargo, mientras contin\u00faa el debate por el beso que le propin\u00f3 a la jugadora Jenni Hermoso en la premiaci\u00f3n de Espa\u00f1a como campe\u00f3n del Mundial femenino.<\/p>\n<p>\u00abRubiales no renuncia porque cree que no hizo nada malo, lo cual es peor. No sabe el trato y la dignidad a la mujer, de la relaci\u00f3n de jefe a subordinada. Eso no se puede hacer jam\u00e1s, es grave e inmoral\u00bb, indic\u00f3 Tebas en la conferencia de prensa que brind\u00f3 en la Usina del Arte en el marco del Sports Summit Leaders, a la que T\u00e9lam tuvo acceso.<\/p>\n<p>Tebas dio cuenta del impacto social que gener\u00f3 el <a href=\"https:\/\/www.telam.com.ar\/notas\/202308\/638108-futbol-espania-rubiales-escandalo.html\" target=\"_blank\" rel=\"noopener\">caso Rubiales<\/a> en el mundo, especialmente en Espa\u00f1a, y<strong> calific\u00f3 de \u00abbochornoso\u00bb el accionar del dirigente <\/strong>que fue suspendido por la FIFA durante 90 d\u00edas.<\/p>\n<p>\u00abEl tema es muy grave, m\u00e1s all\u00e1 del acoso sexual, es bochornoso que un jefe a una empleada, le pida un pico. Ella no tiene tiempo de reacci\u00f3n y adem\u00e1s Rubiales habla de consentimiento, es ins\u00f3lito\u00bb, dijo Tebas.<\/p>\n<p>Y agreg\u00f3: <strong>\u00abRubiales tiene que saber que no puede agarrar a una jugadora como un saco de patatas. Ni hablar de tocarse los genitales en un palco, pero realmente no me sorprendi\u00f3\u00bb<\/strong>.<\/p>\n<p><figure class=\"mb-3\"><img decoding=\"async\" src=\"https:\/\/www.telam.com.ar\/thumbs\/bluesteel\/advf\/imagenes\/2023\/08\/64ec8ee21baae_1200.jpg\" class=\" lazy \" width=\"100%\" height=\"100%\" alt=\"Rubiales Foto Archivo\"\/><figcaption> Rubiales \/ Foto: Archivo. <\/figcaption><\/figure>\n<p><\/p>\n<h2 class=\"\">\u00abEl Grondonismo sigue marcando la estructura del f\u00fatbol argentino\u00bb<\/h2>\n<p>Tebas se refiri\u00f3 tambi\u00e9n a la organizaci\u00f3n del f\u00fatbol argentino y se\u00f1al\u00f3 que en gran medida se debe a que \u00abla figura de Julio Grondona sigue marcando la estructura\u00bb, con respecto a la excesiva cantidad de equipos en los torneos y al cambio de normas preestablecidas.<\/p>\n<p>\u00abLa figura de Julio Grondona sigue marcando la estructura del f\u00fatbol argentino. No hay liga en el mundo que tenga esa cantidad de equipos, como tampoco cambie las normas a mitad de camino. Despu\u00e9s de tanto tiempo de Grondonismo, salen estas cosas y parecen normal\u00bb, se\u00f1al\u00f3 Tebas en la Usina del Arte.<\/p>\n<blockquote class=\"\"><p>\u00abMe duele mucho lo que pasa en Argentina. El f\u00fatbol de ac\u00e1 es parecido a Espa\u00f1a, con una marca de f\u00fatbol importante y con clubes hist\u00f3ricos. Seguimos desaprovechando oportunidades\u00bb<cite class=\"author\">Javier Tebas<\/cite><\/p><\/blockquote>\n<p> En la actualidad, la Liga Profesional de F\u00fatbol se compone de 28 equipos en primera divisi\u00f3n, mientras que la segunda categor\u00eda la componen un total de 37.<\/p>\n<p>\u00abCuando lo anormal se hace normal, hay que cambiar muchas cosas. Me duele mucho lo que pasa en Argentina. El f\u00fatbol de ac\u00e1 es parecido a Espa\u00f1a, con una marca de f\u00fatbol importante y con clubes hist\u00f3ricos. Seguimos desaprovechando oportunidades\u00bb, a\u00f1adi\u00f3 Tebas, quien<strong> se\u00f1al\u00f3 que fue \u00abcensurado\u00bb, mientras Grondona, fallecido el 30 de julio de 2014, ejerci\u00f3 la titularidad de la AFA.<\/strong><\/p>\n<p>\u00abEs evidente que hay un problema en el f\u00fatbol argentino. El que no lo vea, bueno, \u00e9l es el problema\u00bb, dijo Tebas ante la consulta de T\u00e9lam.<\/p>\n<p>\u00abEn Europa no hay ni un pa\u00eds, por peque\u00f1o que sea, que no tenga su liga profesional, dentro de la federaci\u00f3n autogestionada por los clubes. Se ha trabajado muy bien a nivel selecci\u00f3n aqu\u00ed, con una gesti\u00f3n exitosa, pero si no se trabaja bien en una liga profesional, los jugadores se escapan. Hay que pelear para que no se vayan a los 17 a\u00f1os, al menos que se vayan cuando tengan 20\u00bb, apunt\u00f3 Tebas a T\u00e9lam.<\/p>\n<blockquote class=\"\"><p>\u00abSe ha trabajado muy bien a nivel selecci\u00f3n aqu\u00ed, con una gesti\u00f3n exitosa, pero si no se trabaja bien en una liga profesional, los jugadores se escapan\u00bb<cite class=\"author\">Javier Tebas<\/cite><\/p><\/blockquote>\n<p> Por otra parte, el titular de LaLiga afirm\u00f3 que la presencia del crack rosarino <strong>Lionel Messi<\/strong> \u00abayudar\u00e1 a un mayor conocimiento\u00bb de la <strong>Major League Soccer <\/strong>de los Estados Unidos y lament\u00f3 su frustrado retorno a Barcelona.<\/p>\n<p>\u00abMessi no quiso ir al Barcelona, no s\u00e9, no se pusieron de acuerdo. Ojal\u00e1 hubiese podido, pero las circunstancias no se dieron. \u00c9l tiene su familia, su forma de pensar, y de acuerdo a sus a\u00f1os est\u00e1 buscando nuevas experiencias. Ojal\u00e1 hubiese venido al f\u00fatbol espa\u00f1ol\u00bb, se\u00f1al\u00f3 Tebas.<\/p>\n<p><strong>A pesar de que la liga espa\u00f1ola perdi\u00f3 a estrellas como Messi, el brasile\u00f1o Neymar o el portugu\u00e9s Cristiano Ronaldo, Tebas consider\u00f3 que los clubes son m\u00e1s importantes que los futbolistas.<\/strong><\/p>\n<p>\u00abLo que perdura son las marcas de los clubes. La Bundesliga es una gran liga y no tiene grandes estrellas. Nunca tuvo un Messi o Cristiano porque est\u00e1 la marca del club por encima. Las competiciones no se hacen tanto con los jugadores sino con los clubes. La gente no conoce tanto los clubes de la liga saud\u00ed\u00bb, reflexion\u00f3 el dirigente espa\u00f1ol.<\/p>\n<blockquote class=\"instagram-media\" data-instgrm-captioned=\"\" data-instgrm-permalink=\"https:\/\/www.instagram.com\/p\/Cw26Z1fRvSm\/?utm_source=ig_embed&amp;utm_campaign=loading\" data-instgrm-version=\"14\" style=\" background:#FFF; border:0; border-radius:3px; box-shadow:0 0 1px 0 rgba(0,0,0,0.5),0 1px 10px 0 rgba(0,0,0,0.15); margin: 1px; max-width:540px; min-width:326px; padding:0; width:99.375%; width:-webkit-calc(100% - 2px); width:calc(100% - 2px);\"\/><p><\/p>\n<h2 class=\"\">\u00abEl dopaje financiero no es bueno\u00bb<\/h2>\n<p>Asimismo, Tebas se\u00f1al\u00f3 que el \u00abdopaje financiero no es bueno\u00bb y<strong> plante\u00f3 un \u00abdebate \u00e9tico\u00bb sobre el salario que deben percibir los futbolistas<\/strong>.<\/p>\n<p>\u00abEl dopaje financiero desestructura el f\u00fatbol europeo econ\u00f3micamente porque repercute en los salarios, que no son reales. Me preocupa el dopaje financiero y que el ecosistema econ\u00f3mico del f\u00fatbol europeo sea sostenible y no que haya p\u00e9rdida como sucede en muchas ligas\u00bb, se\u00f1al\u00f3 Tebas.<\/p>\n<p>Por \u00faltimo, brind\u00f3 su punto de vista sobre el desarrollo del <strong>VAR <\/strong>en el f\u00fatbol espa\u00f1ol: \u00abSigo estando a favor del VAR. Trabajamos mucho en la liga explic\u00e1ndolo, con la m\u00ednima intervenci\u00f3n. Y no se ha cumplido. En su origen fue positivo pero se desvirtu\u00f3. En Suecia no hay VAR, lo quitaron. No estamos muy contentos en Espa\u00f1a con el VAR. Se necesita m\u00e1s transparencia y menos corte del juego\u00bb. <\/p>\n<\/div>\n<p><script async defer crossorigin=\"anonymous\" src=\"https:\/\/connect.facebook.net\/es_LA\/sdk.js#xfbml=1&#038;version=v12.0\" nonce=\"SBlHQzIF\"><\/script><br \/><a href=\"https:\/\/www.telam.com.ar\/notas\/202309\/639379-liga-espaniola-tebas-rubiales.html\">source<\/a><\/p>\n","protected":false},"excerpt":{"rendered":"<p>Javier Tebas \/ Foto: Instagram. El presidente de LaLiga de Espa\u00f1a, Javier Tebas, arremeti\u00f3 contra&#8230;<\/p>\n","protected":false},"author":3,"featured_media":9962,"comment_status":"closed","ping_status":"closed","sticky":false,"template":"","format":"standard","meta":{"footnotes":""},"categories":[21],"tags":[],"class_list":["post-9961","post","type-post","status-publish","format-standard","has-post-thumbnail","hentry","category-deportes"],"featured_image_urls":{"full":["https:\/\/fmamiga909.com.ar\/wp-content\/uploads\/2023\/09\/wp-header-logo-53.png",1200,675,false],"thumbnail":["https:\/\/fmamiga909.com.ar\/wp-content\/uploads\/2023\/09\/wp-header-logo-53-150x150.png",150,150,true],"medium":["https:\/\/fmamiga909.com.ar\/wp-content\/uploads\/2023\/09\/wp-header-logo-53-300x169.png",300,169,true],"medium_large":["https:\/\/fmamiga909.com.ar\/wp-content\/uploads\/2023\/09\/wp-header-logo-53.png",1200,675,false],"large":["https:\/\/fmamiga909.com.ar\/wp-content\/uploads\/2023\/09\/wp-header-logo-53-1024x576.png",640,360,true],"1536x1536":["https:\/\/fmamiga909.com.ar\/wp-content\/uploads\/2023\/09\/wp-header-logo-53.png",1200,675,false],"2048x2048":["https:\/\/fmamiga909.com.ar\/wp-content\/uploads\/2023\/09\/wp-header-logo-53.png",1200,675,false],"newsium-slider-full":["https:\/\/fmamiga909.com.ar\/wp-content\/uploads\/2023\/09\/wp-header-logo-53.png",1200,675,false],"newsium-featured":["https:\/\/fmamiga909.com.ar\/wp-content\/uploads\/2023\/09\/wp-header-logo-53-1024x576.png",1024,576,true],"newsium-medium":["https:\/\/fmamiga909.com.ar\/wp-content\/uploads\/2023\/09\/wp-header-logo-53-720x475.png",720,475,true]},"author_info":{"display_name":"Fredy Giuliano","author_link":"https:\/\/fmamiga909.com.ar\/?author=3"},"category_info":"<a href=\"https:\/\/fmamiga909.com.ar\/?cat=21\" rel=\"category\">Deportes<\/a>","tag_info":"Deportes","comment_count":"0","_links":{"self":[{"href":"https:\/\/fmamiga909.com.ar\/index.php?rest_route=\/wp\/v2\/posts\/9961","targetHints":{"allow":["GET"]}}],"collection":[{"href":"https:\/\/fmamiga909.com.ar\/index.php?rest_route=\/wp\/v2\/posts"}],"about":[{"href":"https:\/\/fmamiga909.com.ar\/index.php?rest_route=\/wp\/v2\/types\/post"}],"author":[{"embeddable":true,"href":"https:\/\/fmamiga909.com.ar\/index.php?rest_route=\/wp\/v2\/users\/3"}],"replies":[{"embeddable":true,"href":"https:\/\/fmamiga909.com.ar\/index.php?rest_route=%2Fwp%2Fv2%2Fcomments&post=9961"}],"version-history":[{"count":0,"href":"https:\/\/fmamiga909.com.ar\/index.php?rest_route=\/wp\/v2\/posts\/9961\/revisions"}],"wp:featuredmedia":[{"embeddable":true,"href":"https:\/\/fmamiga909.com.ar\/index.php?rest_route=\/wp\/v2\/media\/9962"}],"wp:attachment":[{"href":"https:\/\/fmamiga909.com.ar\/index.php?rest_route=%2Fwp%2Fv2%2Fmedia&parent=9961"}],"wp:term":[{"taxonomy":"category","embeddable":true,"href":"https:\/\/fmamiga909.com.ar\/index.php?rest_route=%2Fwp%2Fv2%2Fcategories&post=9961"},{"taxonomy":"post_tag","embeddable":true,"href":"https:\/\/fmamiga909.com.ar\/index.php?rest_route=%2Fwp%2Fv2%2Ftags&post=9961"}],"curies":[{"name":"wp","href":"https:\/\/api.w.org\/{rel}","templated":true}]}}