{"id":9965,"date":"2023-09-08T01:53:54","date_gmt":"2023-09-08T01:53:54","guid":{"rendered":"https:\/\/fmamiga909.com.ar\/?p=9965"},"modified":"2023-09-08T01:53:54","modified_gmt":"2023-09-08T01:53:54","slug":"retegui-se-perfila-como-titular-para-el-partido-de-italia-ante-macedonia","status":"publish","type":"post","link":"https:\/\/fmamiga909.com.ar\/?p=9965","title":{"rendered":"Retegui se perfila como titular para el partido de Italia ante Macedonia"},"content":{"rendered":"<div>\n<figure class=\"mb-3\"><img decoding=\"async\" src=\"https:\/\/www.telam.com.ar\/thumbs\/bluesteel\/advf\/imagenes\/2023\/09\/64f9c2669bdc9_1200.jpg\" class=\" lazy \" width=\"100%\" height=\"100%\" alt=\"Mateo Retegui Foto TWAzzurri_En\"\/><figcaption> Mateo Retegui. \/ Foto: TW@Azzurri_En. <\/figcaption><\/figure>\n<p><strong>El delantero argentino <\/strong>Mateo Retegui, reci\u00e9n incorporado al Genoa, <strong>se perfila como titular para el partido<\/strong> que el seleccionado <strong>de<\/strong> <strong>Italia<\/strong> jugar\u00e1 el s\u00e1bado como visitante de <strong>Macedonia<\/strong> del Norte en la clasificaci\u00f3n para la Eurocopa a celebrarse en Alemania en 2024.<\/p>\n<p>El peri\u00f3dico italiano La Gazzetta dello Sport public\u00f3 que en su partido de debut, el DT Luciano Spalletti (reemplaz\u00f3 a Roberto Mancini) eval\u00faa jugar con un delantero de punta ante los macedonios y el elegido ser\u00eda Retegui, ex Boca y Tigre, de acuerdo a lo que ensay\u00f3 durante las pr\u00e1cticas.<\/p>\n<p>\u00abLa duda de Spalletti pasar\u00eda por incluir a Retegui, lo que implicar\u00eda relegar a un hist\u00f3rico como Ciro Immobile, figura de la Lazio\u00bb, destac\u00f3 el peri\u00f3dico en alusi\u00f3n al encuentro del s\u00e1bado en Skopie, Macedonia del Norte.<\/p>\n<blockquote class=\"twitter-tweet\">\n<p lang=\"en\" dir=\"ltr\">\ud83d\udccd \ud835\udc02\ud835\udc28\ud835\udc2f\ud835\udc1e\ud835\udc2b\ud835\udc1c\ud835\udc22\ud835\udc1a\ud835\udc27\ud835\udc28 | \ud835\udc03\ud835\udc1a\ud835\udc32 \ud835\udfcf <a href=\"https:\/\/twitter.com\/hashtag\/Azzurri?src=hash&amp;ref_src=twsrc%5Etfw\">#Azzurri<\/a> <a href=\"https:\/\/twitter.com\/hashtag\/VivoAzzurro?src=hash&amp;ref_src=twsrc%5Etfw\">#VivoAzzurro<\/a> <a href=\"https:\/\/t.co\/mmpDmVzoEc\">pic.twitter.com\/mmpDmVzoEc<\/a><\/p>\n<p>\u2014 Italy \u2b50\ufe0f\u2b50\ufe0f\u2b50\ufe0f\u2b50\ufe0f (@Azzurri_En) <a href=\"https:\/\/twitter.com\/Azzurri_En\/status\/1698972556991320383?ref_src=twsrc%5Etfw\">September 5, 2023<\/a><\/p><\/blockquote>\n<p> Italia, que est\u00e1 concentrada en Coverciano, ensay\u00f3 con Retegui o Inm\u00f3bile, uno de los dos, junto a Nicolo Zaniolo, el delantero del Aston Villa ingl\u00e9s que tiene otras caracter\u00edsticas y puede acompa\u00f1ar a un delantero de \u00e1rea.<\/p>\n<p>Italia jugar\u00e1 el s\u00e1bado ante Macedonia del Norte por la quinta fecha de la fase clasificatoria de la Eurocopa en un partido v\u00e1lido por la Grupo C que tambi\u00e9n integran Ucrania e Inglaterra. <\/p>\n<\/div>\n<p><script async src=\"\/\/platform.twitter.com\/widgets.js\" charset=\"utf-8\"><\/script><script async defer crossorigin=\"anonymous\" src=\"https:\/\/connect.facebook.net\/es_LA\/sdk.js#xfbml=1&#038;version=v12.0\" nonce=\"SBlHQzIF\"><\/script><br \/><a href=\"https:\/\/www.telam.com.ar\/notas\/202309\/639438-futbol-italia-seleccion-mateo-retegui-macedonia-clasificacion-eurocopa.html\">source<\/a><\/p>\n","protected":false},"excerpt":{"rendered":"<p>Mateo Retegui. \/ Foto: TW@Azzurri_En. El delantero argentino Mateo Retegui, reci\u00e9n incorporado al Genoa, se&#8230;<\/p>\n","protected":false},"author":3,"featured_media":9966,"comment_status":"closed","ping_status":"closed","sticky":false,"template":"","format":"standard","meta":{"footnotes":""},"categories":[21],"tags":[],"class_list":["post-9965","post","type-post","status-publish","format-standard","has-post-thumbnail","hentry","category-deportes"],"featured_image_urls":{"full":["https:\/\/fmamiga909.com.ar\/wp-content\/uploads\/2023\/09\/wp-header-logo-55.png",1200,675,false],"thumbnail":["https:\/\/fmamiga909.com.ar\/wp-content\/uploads\/2023\/09\/wp-header-logo-55-150x150.png",150,150,true],"medium":["https:\/\/fmamiga909.com.ar\/wp-content\/uploads\/2023\/09\/wp-header-logo-55-300x169.png",300,169,true],"medium_large":["https:\/\/fmamiga909.com.ar\/wp-content\/uploads\/2023\/09\/wp-header-logo-55.png",1200,675,false],"large":["https:\/\/fmamiga909.com.ar\/wp-content\/uploads\/2023\/09\/wp-header-logo-55-1024x576.png",640,360,true],"1536x1536":["https:\/\/fmamiga909.com.ar\/wp-content\/uploads\/2023\/09\/wp-header-logo-55.png",1200,675,false],"2048x2048":["https:\/\/fmamiga909.com.ar\/wp-content\/uploads\/2023\/09\/wp-header-logo-55.png",1200,675,false],"newsium-slider-full":["https:\/\/fmamiga909.com.ar\/wp-content\/uploads\/2023\/09\/wp-header-logo-55.png",1200,675,false],"newsium-featured":["https:\/\/fmamiga909.com.ar\/wp-content\/uploads\/2023\/09\/wp-header-logo-55-1024x576.png",1024,576,true],"newsium-medium":["https:\/\/fmamiga909.com.ar\/wp-content\/uploads\/2023\/09\/wp-header-logo-55-720x475.png",720,475,true]},"author_info":{"display_name":"Fredy Giuliano","author_link":"https:\/\/fmamiga909.com.ar\/?author=3"},"category_info":"<a href=\"https:\/\/fmamiga909.com.ar\/?cat=21\" rel=\"category\">Deportes<\/a>","tag_info":"Deportes","comment_count":"0","_links":{"self":[{"href":"https:\/\/fmamiga909.com.ar\/index.php?rest_route=\/wp\/v2\/posts\/9965","targetHints":{"allow":["GET"]}}],"collection":[{"href":"https:\/\/fmamiga909.com.ar\/index.php?rest_route=\/wp\/v2\/posts"}],"about":[{"href":"https:\/\/fmamiga909.com.ar\/index.php?rest_route=\/wp\/v2\/types\/post"}],"author":[{"embeddable":true,"href":"https:\/\/fmamiga909.com.ar\/index.php?rest_route=\/wp\/v2\/users\/3"}],"replies":[{"embeddable":true,"href":"https:\/\/fmamiga909.com.ar\/index.php?rest_route=%2Fwp%2Fv2%2Fcomments&post=9965"}],"version-history":[{"count":0,"href":"https:\/\/fmamiga909.com.ar\/index.php?rest_route=\/wp\/v2\/posts\/9965\/revisions"}],"wp:featuredmedia":[{"embeddable":true,"href":"https:\/\/fmamiga909.com.ar\/index.php?rest_route=\/wp\/v2\/media\/9966"}],"wp:attachment":[{"href":"https:\/\/fmamiga909.com.ar\/index.php?rest_route=%2Fwp%2Fv2%2Fmedia&parent=9965"}],"wp:term":[{"taxonomy":"category","embeddable":true,"href":"https:\/\/fmamiga909.com.ar\/index.php?rest_route=%2Fwp%2Fv2%2Fcategories&post=9965"},{"taxonomy":"post_tag","embeddable":true,"href":"https:\/\/fmamiga909.com.ar\/index.php?rest_route=%2Fwp%2Fv2%2Ftags&post=9965"}],"curies":[{"name":"wp","href":"https:\/\/api.w.org\/{rel}","templated":true}]}}