{"id":9979,"date":"2023-09-08T15:09:04","date_gmt":"2023-09-08T15:09:04","guid":{"rendered":"https:\/\/fmamiga909.com.ar\/?p=9979"},"modified":"2023-09-08T15:09:05","modified_gmt":"2023-09-08T15:09:05","slug":"elecciones-2023-en-santa-fe","status":"publish","type":"post","link":"https:\/\/fmamiga909.com.ar\/?p=9979","title":{"rendered":"Elecciones 2023 en Santa Fe"},"content":{"rendered":"\n<p><\/p>\n\n\n\n<h2 class=\"wp-block-heading\">Elecciones 2023 en Santa Fe: los datos duros<\/h2>\n\n\n\n<p>A nivel provincial habr\u00e1 un total de 8.398 mesas distribuidas en 1.141 locales de votaci\u00f3n. El total de electores habilitados para votar son 2.840.878.<\/p>\n\n\n\n<p>De acuerdo a la informaci\u00f3n toda la estructura operativa para la organizaci\u00f3n de las elecciones contempla 30.500 personas. Las autoridades de mesa ya fueron notificadas en todo el territorio provincial.<\/p>\n\n\n\n<p>El operativo de distribuci\u00f3n de urnas, boletas y boxes empezar\u00e1 el s\u00e1bado a las 8 de la ma\u00f1ana y se extender\u00e1 hasta las 13. Estar\u00e1 a cargo del\u00a0<strong>Correo Argentino<\/strong>\u00a0y la\u00a0<strong>Polic\u00eda<\/strong>\u00a0de la provincia de Santa Fe. El Correo dejar\u00e1 todo el material electoral en los establecimientos de votaci\u00f3n y los agentes policiales quedar\u00e1n a cargo de la custodia. Los materiales fueron entregados por el Tribunal Electoral al Correo entre el lunes y el mi\u00e9rcoles.<\/p>\n\n\n\n<h2 class=\"wp-block-heading\"><strong>Elecciones Santa Fe 2023: se elegir\u00e1n los siguientes cargos<\/strong><\/h2>\n\n\n\n<ul class=\"wp-block-list\">\n<li>Gobernador y vice para el per\u00edodo 2023-2027.<\/li>\n\n\n\n<li>50 diputados provinciales que tendr\u00e1n cuatro a\u00f1os de mandato, entre 2023 y 2027.<\/li>\n\n\n\n<li>19 senadores provinciales tambi\u00e9n para el per\u00edodo 2023-2027.<\/li>\n\n\n\n<li>Intendentes en 46 ciudades, cuyos mandatos durar\u00e1n cuatro a\u00f1os. Otras 14 ciudades de la provincia eligen sus intendentes en los a\u00f1os de los comicios intermedios.<\/li>\n\n\n\n<li>Concejales municipales en las 60 ciudades de la provincia. Se renuevan por mitades cada dos a\u00f1os.<\/li>\n\n\n\n<li>Comisiones comunales en 305 pueblos de la provincia de Santa Fe.<\/li>\n\n\n\n<li><\/li>\n<\/ul>\n","protected":false},"excerpt":{"rendered":"<p>Elecciones 2023 en Santa Fe: los datos duros A nivel provincial habr\u00e1 un total de&#8230;<\/p>\n","protected":false},"author":3,"featured_media":9980,"comment_status":"closed","ping_status":"closed","sticky":false,"template":"","format":"standard","meta":{"footnotes":""},"categories":[20,3],"tags":[],"class_list":["post-9979","post","type-post","status-publish","format-standard","has-post-thumbnail","hentry","category-entrevistas","category-noticias"],"featured_image_urls":{"full":["https:\/\/fmamiga909.com.ar\/wp-content\/uploads\/2023\/09\/OIP.jpg",474,231,false],"thumbnail":["https:\/\/fmamiga909.com.ar\/wp-content\/uploads\/2023\/09\/OIP-150x150.jpg",150,150,true],"medium":["https:\/\/fmamiga909.com.ar\/wp-content\/uploads\/2023\/09\/OIP-300x146.jpg",300,146,true],"medium_large":["https:\/\/fmamiga909.com.ar\/wp-content\/uploads\/2023\/09\/OIP.jpg",474,231,false],"large":["https:\/\/fmamiga909.com.ar\/wp-content\/uploads\/2023\/09\/OIP.jpg",474,231,false],"1536x1536":["https:\/\/fmamiga909.com.ar\/wp-content\/uploads\/2023\/09\/OIP.jpg",474,231,false],"2048x2048":["https:\/\/fmamiga909.com.ar\/wp-content\/uploads\/2023\/09\/OIP.jpg",474,231,false],"newsium-slider-full":["https:\/\/fmamiga909.com.ar\/wp-content\/uploads\/2023\/09\/OIP.jpg",474,231,false],"newsium-featured":["https:\/\/fmamiga909.com.ar\/wp-content\/uploads\/2023\/09\/OIP.jpg",474,231,false],"newsium-medium":["https:\/\/fmamiga909.com.ar\/wp-content\/uploads\/2023\/09\/OIP.jpg",474,231,false]},"author_info":{"display_name":"Fredy Giuliano","author_link":"https:\/\/fmamiga909.com.ar\/?author=3"},"category_info":"<a href=\"https:\/\/fmamiga909.com.ar\/?cat=20\" rel=\"category\">Entrevistas<\/a> <a href=\"https:\/\/fmamiga909.com.ar\/?cat=3\" rel=\"category\">Noticias<\/a>","tag_info":"Noticias","comment_count":"0","_links":{"self":[{"href":"https:\/\/fmamiga909.com.ar\/index.php?rest_route=\/wp\/v2\/posts\/9979","targetHints":{"allow":["GET"]}}],"collection":[{"href":"https:\/\/fmamiga909.com.ar\/index.php?rest_route=\/wp\/v2\/posts"}],"about":[{"href":"https:\/\/fmamiga909.com.ar\/index.php?rest_route=\/wp\/v2\/types\/post"}],"author":[{"embeddable":true,"href":"https:\/\/fmamiga909.com.ar\/index.php?rest_route=\/wp\/v2\/users\/3"}],"replies":[{"embeddable":true,"href":"https:\/\/fmamiga909.com.ar\/index.php?rest_route=%2Fwp%2Fv2%2Fcomments&post=9979"}],"version-history":[{"count":1,"href":"https:\/\/fmamiga909.com.ar\/index.php?rest_route=\/wp\/v2\/posts\/9979\/revisions"}],"predecessor-version":[{"id":9981,"href":"https:\/\/fmamiga909.com.ar\/index.php?rest_route=\/wp\/v2\/posts\/9979\/revisions\/9981"}],"wp:featuredmedia":[{"embeddable":true,"href":"https:\/\/fmamiga909.com.ar\/index.php?rest_route=\/wp\/v2\/media\/9980"}],"wp:attachment":[{"href":"https:\/\/fmamiga909.com.ar\/index.php?rest_route=%2Fwp%2Fv2%2Fmedia&parent=9979"}],"wp:term":[{"taxonomy":"category","embeddable":true,"href":"https:\/\/fmamiga909.com.ar\/index.php?rest_route=%2Fwp%2Fv2%2Fcategories&post=9979"},{"taxonomy":"post_tag","embeddable":true,"href":"https:\/\/fmamiga909.com.ar\/index.php?rest_route=%2Fwp%2Fv2%2Ftags&post=9979"}],"curies":[{"name":"wp","href":"https:\/\/api.w.org\/{rel}","templated":true}]}}